{"id":200793,"date":"2023-10-17T15:00:00","date_gmt":"2023-10-17T13:00:00","guid":{"rendered":"https:\/\/www.tucomarca.com\/wordpress\/segunda\/?p=200793"},"modified":"2023-10-18T00:52:43","modified_gmt":"2023-10-17T22:52:43","slug":"la-reial-societat-sera-el-rival-de-primera-divisio-al-qual-senfrontara-el-cd-bunyol-en-la-seua-segona-participacio-en-la-copa-del-rei","status":"publish","type":"post","link":"https:\/\/tucomarca.whitekongsoftware.com\/ca\/la-reial-societat-sera-el-rival-de-primera-divisio-al-qual-senfrontara-el-cd-bunyol-en-la-seua-segona-participacio-en-la-copa-del-rei\/","title":{"rendered":"La Reial Societat ser\u00e0 el rival de Primera Divisi\u00f3 al qual s&#8217;enfrontar\u00e0 el CD Bunyol en la seua segona participaci\u00f3 en la Copa del Rei"},"content":{"rendered":"\n<p class=\"wp-block-paragraph\">La sort ha volgut que la Reial Societat siga l&#8217;equip de Primera Divisi\u00f3 al qual s&#8217;enfrontar\u00e0 el Club Esportiu Bunyol en el partit de la Copa del Rei que els blancs disputaran en tot just un parell de setmanes, amb el m\u00e8rit que \u00e9s una competici\u00f3 que el CD Bunyol aconsegueix disputar per segona ocasi\u00f3 en tot just tres anys despr\u00e9s que ja ho fera la temporada 2020-21.<\/p>\n\n\n\n<p class=\"wp-block-paragraph\">Tota una altra &#8220;gran oportunitat de gaudir del partit, no sols els jugadors i el cos t\u00e8cnic, sin\u00f3 tota l&#8217;afici\u00f3, tot el poble del que \u00e9s un partit contra un gran rival, un rival enorme. Tenim l&#8217;opci\u00f3 de poder jugar amb ell a nivell oficial i cal aprofitar-ho\u201d, com ha posat de manifest l&#8217;entrenador del CD Bunyol, Luis Navarro, despr\u00e9s de con\u00e9ixer el rival que el sorteig havia oferit esta vegada als blancs.&nbsp;<\/p>\n\n\n\n<p class=\"wp-block-paragraph\">En similars termes s&#8217;ha pronunciat el president del CD Bunyol, Francisco Zan\u00f3n, qui ha posat l&#8217;accent &#8220;que sembla una cosa f\u00e0cil el que s&#8217;ha tornat a aconseguir al Bunyol, per\u00f2 \u00e9s tremendament dif\u00edcil, \u00e9s un altre gran fita esportiva per a nosaltres\u201d.<\/p>\n\n\n\n<p class=\"wp-block-paragraph\">\u201cNo es juga un partit de Copa del Rei tots els dies; i encara que jo ja he tingut l&#8217;oportunitat de viure una experi\u00e8ncia en la Copa anteriorment, \u00e9s un partit molt il\u00b7lusionant que tenim moltes ganes de jugar-lo i el que ens encantaria passar una altra ronda\u201d, com ha posat de manifest Didier de la Creu, lateral esquerre del CD Bunyol que tamb\u00e9 ha seguit en primera persona el sorteig en el Beltr\u00e1n B\u00e1guena.<\/p>\n\n\n\n<p class=\"wp-block-paragraph\">Francisco Zan\u00f3n ha recordat que fa \u201ctres anys coment\u00e0vem que s&#8217;havia aconseguit una cosa hist\u00f2rica i que era molt dif\u00edcil tornar a aconseguir-ho; no sab\u00edem quan podr\u00edem tornar a viure-ho, perqu\u00e8 tornem a repetir les mateixes frases i nom\u00e9s han passat tres anys. \u00c9s un fet hist\u00f2ric i crec que hem de saber assaborir-ho i gaudir-ho. Gaudir del moment i gaudir del partit perqu\u00e8 tant de bo puguem repetir-lo en breu i moltes vegades per\u00f2 \u00e9s una cosa molt complicada\u201d.<\/p>\n\n\n\n<p class=\"wp-block-paragraph\">Un partit contra la Reial Societat que podr\u00e0 disputar-se gr\u00e0cies a la vict\u00f2ria per 0 gols a 3 aconseguida enfront del CD Ceuta a domicili, enfrontament que pel fet que el m\u00edster, Luis Navarro, arrossegava una sanci\u00f3, va estar dirigit des de la banqueta pel segon entrenador, Kike Alc\u00e1zar, qui tamb\u00e9 ha pogut gaudir de l&#8217;experi\u00e8ncia de dirigir al primer equip en Copa del Rei, \u201cuna competici\u00f3 que com a jugador he viscut per\u00f2 que com a entrenador no ho havia viscut; i \u00e9s un plaer haver-lo fet a m\u00e9s en el partit que s&#8217;ha aconseguit la classificaci\u00f3 perqu\u00e8 siguem ac\u00ed. \u00c9s un luxe, encara que el m\u00e8rit \u00e9s tant del m\u00edster que ha aconsegueix posar l&#8217;ordre i donar-me l&#8217;oportunitat d&#8217;estar al seu costat; com del propi equip que ha escoltat les indicacions que se&#8217;ls han manat\u201c.\u00a0<\/p>\n\n\n\n<p class=\"wp-block-paragraph\">El regidor d&#8217;Esports de l&#8217;Ajuntament de Bunyol, Ulisses Ara\u00fajo, tamb\u00e9 ha volgut donar l&#8217;enhorabona en nom de tota la corporaci\u00f3 municipal al club de la localitat i ha avan\u00e7at el seu desig de donar tot el suport necessari \u201cper a poder trobar el millor recinte esportiu per a poder disputar el partit ja que el Beltr\u00e1n no compleix la normativa de la Federaci\u00f3 per a poder jugar-ho ac\u00ed\u201d.<\/p>\n\n\n\n<p class=\"wp-block-paragraph\">Per este motiu, el president del club ha confirmat que el partit enfront de la Reial Societat no es jugar\u00e0 en el Beltr\u00e1n B\u00e1guena i ha avan\u00e7at que s&#8217;est\u00e0 treballant ja per a &#8220;trobar un camp que estiga prop de Bunyol, perqu\u00e8 els aficionats hagen de fer el menor despla\u00e7ament possible; que siga de gespa artificial, perqu\u00e8 el desgast esportiu en una gespa natural \u00e9s enorme; que tinga l&#8217;aforament suficient perqu\u00e8 tots els aficionats que vulguen anar puguen i ning\u00fa es quede fora perqu\u00e8 no hi haja entrades suficients, perqu\u00e8 \u00e9s una cosa tan bonica que no sabem quan es podr\u00e0 tornar a repetir. I, sobretot, un camp que complisca les condicions m\u00ednimes per a un partit com exigeix la Federaci\u00f3 per a esta competici\u00f3\u201d.<\/p>\n\n\n\n<p class=\"wp-block-paragraph\">Finalment, el president tamb\u00e9 ha fet una crida a l&#8217;afici\u00f3 \u201cperqu\u00e8 vengen a gaudir del partit, perqu\u00e8 arribar ac\u00ed no ha sigut gens f\u00e0cil, s&#8217;ha arribat amb molt d&#8217;esfor\u00e7, i \u00e9s una altra ocasi\u00f3 hist\u00f2rica de la qual es pot gaudir i que ning\u00fa es pot perdre\u201d.<\/p>\n","protected":false},"excerpt":{"rendered":"<div class=\"mh-excerpt\">La sort ha volgut que la Reial Societat siga l&#8217;equip de Primera Divisi\u00f3 al qual s&#8217;enfrontar\u00e0 el Club Esportiu Bunyol en el partit de la Copa del Rei que els blancs disputaran en tot just <a class=\"mh-excerpt-more\" href=\"https:\/\/tucomarca.whitekongsoftware.com\/ca\/la-reial-societat-sera-el-rival-de-primera-divisio-al-qual-senfrontara-el-cd-bunyol-en-la-seua-segona-participacio-en-la-copa-del-rei\/\" title=\"La Reial Societat ser\u00e0 el rival de Primera Divisi\u00f3 al qual s&#8217;enfrontar\u00e0 el CD Bunyol en la seua segona participaci\u00f3 en la Copa del Rei\">[+] <\/a><\/div>\n","protected":false},"author":1,"featured_media":200795,"comment_status":"open","ping_status":"open","sticky":false,"template":"","format":"standard","meta":{"footnotes":""},"categories":[10911,11015,11003,10898,10894,10904,10912,10896],"tags":[10913,11126,10914],"class_list":["post-200793","post","type-post","status-publish","format-standard","has-post-thumbnail","category-bunol-ca","category-canal-futbol","category-sports","category-ventana-ca","category-la-comarca-ca","category-sin-categorizar-ca","category-la-hoya-ca","category-seccion-ca","tag-bunol-ca","tag-cd-bunol-ca","tag-la-hoya-de-bunol-chiva-ca"],"_links":{"self":[{"href":"https:\/\/tucomarca.whitekongsoftware.com\/ca\/wp-json\/wp\/v2\/posts\/200793","targetHints":{"allow":["GET"]}}],"collection":[{"href":"https:\/\/tucomarca.whitekongsoftware.com\/ca\/wp-json\/wp\/v2\/posts"}],"about":[{"href":"https:\/\/tucomarca.whitekongsoftware.com\/ca\/wp-json\/wp\/v2\/types\/post"}],"author":[{"embeddable":true,"href":"https:\/\/tucomarca.whitekongsoftware.com\/ca\/wp-json\/wp\/v2\/users\/1"}],"replies":[{"embeddable":true,"href":"https:\/\/tucomarca.whitekongsoftware.com\/ca\/wp-json\/wp\/v2\/comments?post=200793"}],"version-history":[{"count":0,"href":"https:\/\/tucomarca.whitekongsoftware.com\/ca\/wp-json\/wp\/v2\/posts\/200793\/revisions"}],"wp:featuredmedia":[{"embeddable":true,"href":"https:\/\/tucomarca.whitekongsoftware.com\/ca\/wp-json\/wp\/v2\/media\/200795"}],"wp:attachment":[{"href":"https:\/\/tucomarca.whitekongsoftware.com\/ca\/wp-json\/wp\/v2\/media?parent=200793"}],"wp:term":[{"taxonomy":"category","embeddable":true,"href":"https:\/\/tucomarca.whitekongsoftware.com\/ca\/wp-json\/wp\/v2\/categories?post=200793"},{"taxonomy":"post_tag","embeddable":true,"href":"https:\/\/tucomarca.whitekongsoftware.com\/ca\/wp-json\/wp\/v2\/tags?post=200793"}],"curies":[{"name":"wp","href":"https:\/\/api.w.org\/{rel}","templated":true}]}}