{"id":200748,"date":"2023-10-17T08:00:00","date_gmt":"2023-10-17T06:00:00","guid":{"rendered":"https:\/\/www.tucomarca.com\/wordpress\/segunda\/?p=200748"},"modified":"2023-10-17T21:29:53","modified_gmt":"2023-10-17T19:29:53","slug":"el-percentatge-de-dones-socies-de-cooperatives-agroalimentaries-associades-a-la-federacio-creix-fins-al-28-de-la-base-social","status":"publish","type":"post","link":"https:\/\/tucomarca.whitekongsoftware.com\/ca\/el-percentatge-de-dones-socies-de-cooperatives-agroalimentaries-associades-a-la-federacio-creix-fins-al-28-de-la-base-social\/","title":{"rendered":"El percentatge de dones s\u00f2cies de cooperatives agroaliment\u00e0ries associades a la Federaci\u00f3 creix fins al 28% de la base social"},"content":{"rendered":"\n<p class=\"wp-block-paragraph\">Davant la proximitat de la celebraci\u00f3 del Dia Internacional de la Dona Rural, Cooperatives Agro-aliment\u00e0ries de la Comunitat Valenciana ha fet p\u00fablics les dades de l&#8217;\u00faltim \u201cInforme de participaci\u00f3 de dones en les cooperatives agroaliment\u00e0ries valencianes\u201d, elaborat amb dades facilitades per les seues entitats associades actualitzats al tancament de l&#8217;exercici 2021.<br>Segons s&#8217;indica en l&#8217;informe, un total de 48.854 dones estan associades a cooperatives agroaliment\u00e0ries valencianes, la qual cosa suposa un 28% del total de la base social. El major volum de s\u00f2cies es troba a la prov\u00edncia de Castell\u00f3 (24.954), seguida per Val\u00e8ncia (18.708) i Alacant (5.192). Informa,<strong> Luis Ib\u00e1\u00f1ez.<\/strong><\/p>\n","protected":false},"excerpt":{"rendered":"<div class=\"mh-excerpt\">Davant la proximitat de la celebraci\u00f3 del Dia Internacional de la Dona Rural, Cooperatives Agro-aliment\u00e0ries de la Comunitat Valenciana ha fet p\u00fablics les dades de l&#8217;\u00faltim \u201cInforme de participaci\u00f3 de dones en les cooperatives agroaliment\u00e0ries <a class=\"mh-excerpt-more\" href=\"https:\/\/tucomarca.whitekongsoftware.com\/ca\/el-percentatge-de-dones-socies-de-cooperatives-agroalimentaries-associades-a-la-federacio-creix-fins-al-28-de-la-base-social\/\" title=\"El percentatge de dones s\u00f2cies de cooperatives agroaliment\u00e0ries associades a la Federaci\u00f3 creix fins al 28% de la base social\">[+] <\/a><\/div>\n","protected":false},"author":12,"featured_media":200753,"comment_status":"open","ping_status":"open","sticky":false,"template":"","format":"standard","meta":{"footnotes":""},"categories":[10890,10905,10892,11046,10898,10948,10963,10894,10904,10912,10902,10947,10909,10896],"tags":[19765,19764,12999],"class_list":["post-200748","post","type-post","status-publish","format-standard","has-post-thumbnail","category-ademus","category-agricultura-la-comarca-ca","category-camp-de-turia-ca","category-los-serranos-ca","category-ventana-ca","category-infraestructuras-ca","category-la-canal-de-navarres-ca","category-la-comarca-ca","category-sin-categorizar-ca","category-la-hoya-ca","category-la-ribera-ca","category-politica","category-requena-utiel-ca","category-seccion-ca","tag-cooperativas-agroalimentarias-valencianas-ca","tag-dia-internacional-de-la-mujer-rural-ca","tag-mujer-ca"],"_links":{"self":[{"href":"https:\/\/tucomarca.whitekongsoftware.com\/ca\/wp-json\/wp\/v2\/posts\/200748","targetHints":{"allow":["GET"]}}],"collection":[{"href":"https:\/\/tucomarca.whitekongsoftware.com\/ca\/wp-json\/wp\/v2\/posts"}],"about":[{"href":"https:\/\/tucomarca.whitekongsoftware.com\/ca\/wp-json\/wp\/v2\/types\/post"}],"author":[{"embeddable":true,"href":"https:\/\/tucomarca.whitekongsoftware.com\/ca\/wp-json\/wp\/v2\/users\/12"}],"replies":[{"embeddable":true,"href":"https:\/\/tucomarca.whitekongsoftware.com\/ca\/wp-json\/wp\/v2\/comments?post=200748"}],"version-history":[{"count":0,"href":"https:\/\/tucomarca.whitekongsoftware.com\/ca\/wp-json\/wp\/v2\/posts\/200748\/revisions"}],"wp:featuredmedia":[{"embeddable":true,"href":"https:\/\/tucomarca.whitekongsoftware.com\/ca\/wp-json\/wp\/v2\/media\/200753"}],"wp:attachment":[{"href":"https:\/\/tucomarca.whitekongsoftware.com\/ca\/wp-json\/wp\/v2\/media?parent=200748"}],"wp:term":[{"taxonomy":"category","embeddable":true,"href":"https:\/\/tucomarca.whitekongsoftware.com\/ca\/wp-json\/wp\/v2\/categories?post=200748"},{"taxonomy":"post_tag","embeddable":true,"href":"https:\/\/tucomarca.whitekongsoftware.com\/ca\/wp-json\/wp\/v2\/tags?post=200748"}],"curies":[{"name":"wp","href":"https:\/\/api.w.org\/{rel}","templated":true}]}}