{"id":200744,"date":"2023-10-16T10:00:00","date_gmt":"2023-10-16T08:00:00","guid":{"rendered":"https:\/\/www.tucomarca.com\/wordpress\/segunda\/?p=200744"},"modified":"2023-10-16T22:13:09","modified_gmt":"2023-10-16T20:13:09","slug":"riba-roja-aprova-un-pla-de-subvencions-per-al-periode-2023-26-que-permetra-una-major-eficacia-i-eficiencia-en-la-gestio-i-concessio-de-les-ajudes-economiques","status":"publish","type":"post","link":"https:\/\/tucomarca.whitekongsoftware.com\/ca\/riba-roja-aprova-un-pla-de-subvencions-per-al-periode-2023-26-que-permetra-una-major-eficacia-i-eficiencia-en-la-gestio-i-concessio-de-les-ajudes-economiques\/","title":{"rendered":"Riba-roja aprova un Pla de Subvencions per al per\u00edode 2023-26 que permetr\u00e0 una major efic\u00e0cia i efici\u00e8ncia en la gesti\u00f3 i concessi\u00f3 de les ajudes econ\u00f2miques\u00a0"},"content":{"rendered":"\n<h4 class=\"wp-block-heading\">El ple municipal ha aprovat este programa que controlar\u00e0 les subvencions a les entitats i associacions locals des d&#8217;onze departaments municipals&nbsp;<\/h4>\n\n\n\n<p class=\"wp-block-paragraph\">El ple municipal de Riba-roja de T\u00faria ha aprovat el Pla Estrat\u00e8gic de Subvencions per al per\u00edode 2023-2026 que t\u00e9 com a finalitat principal augmentar l&#8217;efic\u00e0cia i l&#8217;efici\u00e8ncia en la gesti\u00f3 de les ajudes que concedeix l&#8217;ajuntament a les entitats i associacions locals. L&#8217;aprovaci\u00f3 del pla impulsat pel govern del PSPV ha comptat, a m\u00e9s, amb el suport de Comprom\u00eds, el Partit Popular i L\u2019Esquerra-Podem i l&#8217;abstenci\u00f3 de Vox.&nbsp;<\/p>\n\n\n\n<p class=\"wp-block-paragraph\">El pla municipal gestionar\u00e0 totes les subvencions que es concedeixen des dels departaments de Cultura, Educaci\u00f3, Joventut, Esports, Serveis Socials, Festes, Participaci\u00f3, Medi Ambient, Promoci\u00f3 i, finalment, Sanitat i Salubritat. Esta iniciativa establir\u00e0 una planificaci\u00f3 de les pol\u00edtiques p\u00fabliques en mat\u00e8ria de subvencions atorgades per l&#8217;ajuntament durant el citat per\u00edode de temps.&nbsp;<\/p>\n\n\n\n<p class=\"wp-block-paragraph\">La concessi\u00f3 de les subvencions i les ajudes a les entitats requerir\u00e0 la inclusi\u00f3 de les mateixes amb les corresponents consignacions pressupost\u00e0ries cada any d&#8217;acord amb les bases reguladores per a la seua concessi\u00f3. Els principis generals es basaran en la publicitat i lliure concurr\u00e8ncia mitjan\u00e7ant convocat\u00f2ria pr\u00e8via que garantir\u00e0 l&#8217;objectivitat, la transpar\u00e8ncia i la igualtat en la distribuci\u00f3 dels fons p\u00fablics.&nbsp;<\/p>\n\n\n\n<p class=\"wp-block-paragraph\">El Pla Estrat\u00e8gic de Subvencions de Riba-roja de T\u00faria s&#8217;actualitzar\u00e0 d&#8217;acord amb els informes dels \u00f2rgans gestors municipals encarregats de la tramitaci\u00f3 de les diferents subvencions que haur\u00e0 d&#8217;emetre&#8217;s abans del dia 30 d&#8217;abril de cadascun dels serveis en el qual s&#8217;establiran, al mateix temps, el grau d&#8217;avan\u00e7 d&#8217;aplicaci\u00f3 del propi pla, els seus efectes i les repercussions pressupost\u00e0ries.&nbsp;<\/p>\n\n\n\n<p class=\"wp-block-paragraph\">Al final del pla s&#8217;elaborar\u00e0 una mem\u00f2ria que s&#8217;emetr\u00e0 des de cadascun dels \u00f2rgans gestors concessionaris de les subvencions i les ajudes p\u00fabliques en la qual s&#8217;analitzar\u00e0 el grau de compliment dels objectius estrat\u00e8gics i cadascuna de les ajudes, l&#8217;impacte de les mateixes i els efectes sobre la realitat, a m\u00e9s de les repercussions pressupost\u00e0ries i les financeres derivades de la seua aplicaci\u00f3. L&#8217;informe es completar\u00e0 amb uns suggeriments per al seg\u00fcent pla, una conclusi\u00f3 final i una valoraci\u00f3 global. En la redacci\u00f3 final participaran tots els responsables de les diferents \u00e0rees o departaments que s&#8217;encarreguen de la tramitaci\u00f3 de les subvencions.&nbsp;<\/p>\n\n\n\n<p class=\"wp-block-paragraph\">El finan\u00e7ament de les subvencions es dur\u00e0 a terme a trav\u00e9s de la corresponent consignaci\u00f3 municipal en el cap\u00edtol IV del pressupost econ\u00f2mic sobres transfer\u00e8ncies corrents. L&#8217;inici del procediment de concessi\u00f3 de les ajudes p\u00fabliques de Riba-roja de T\u00faria ser\u00e0 durant el primer semestre de cada any, d&#8217;acord amb el termini fixat en les bases espec\u00edfiques de cada subvenci\u00f3, el grau i el temps d&#8217;execuci\u00f3.&nbsp;<\/p>\n\n\n\n<p class=\"wp-block-paragraph\">Les subvencions previstes s&#8217;establiran segons la tipologia d&#8217;estes, una modalitat nominativa i altres que es concediran en p\u00fablica concurr\u00e8ncia en les quals les entitats o subvencions interessades deuran una s\u00e8rie de criteris i bases establides pr\u00e8viament. La participaci\u00f3 ciutadana constitueix un eix fonamental en este proc\u00e9s per a incentivar l&#8217;activitat de la societat civil en la vida p\u00fablica local, i oferir canals per a fer-la efectiva per a implicar el major nombre de ve\u00efns i ve\u00efnes.&nbsp;<\/p>\n\n\n\n<p class=\"wp-block-paragraph\">L&#8217;alcalde de Riba-roja de T\u00faria, Robert Raga, ha ressaltat que amb este pla \u201ces garanteixen els criteris d&#8217;objectivitat, participaci\u00f3 i lliure concurr\u00e8ncia en tot el procediment administratiu que se segueix per a la concessi\u00f3 d&#8217;estes ajudes i subvencions p\u00fabliques, de manera que fomentem la implicaci\u00f3 de la societat civil en la vida cultural del nostre municipi\u201d.<\/p>\n\n\n\n<p class=\"wp-block-paragraph\"><\/p>\n","protected":false},"excerpt":{"rendered":"<div class=\"mh-excerpt\">El ple municipal ha aprovat este programa que controlar\u00e0 les subvencions a les entitats i associacions locals des d&#8217;onze departaments municipals&nbsp; El ple municipal de Riba-roja de T\u00faria ha aprovat el Pla Estrat\u00e8gic de Subvencions <a class=\"mh-excerpt-more\" href=\"https:\/\/tucomarca.whitekongsoftware.com\/ca\/riba-roja-aprova-un-pla-de-subvencions-per-al-periode-2023-26-que-permetra-una-major-eficacia-i-eficiencia-en-la-gestio-i-concessio-de-les-ajudes-economiques\/\" title=\"Riba-roja aprova un Pla de Subvencions per al per\u00edode 2023-26 que permetr\u00e0 una major efic\u00e0cia i efici\u00e8ncia en la gesti\u00f3 i concessi\u00f3 de les ajudes econ\u00f2miques\u00a0\">[+] <\/a><\/div>\n","protected":false},"author":12,"featured_media":200743,"comment_status":"open","ping_status":"open","sticky":false,"template":"","format":"standard","meta":{"footnotes":""},"categories":[10892,10894,10947,10906,10896],"tags":[10899,15024,18108],"class_list":["post-200744","post","type-post","status-publish","format-standard","has-post-thumbnail","category-camp-de-turia-ca","category-la-comarca-ca","category-politica","category-riba-roja-ca","category-seccion-ca","tag-camp-de-turia-ca","tag-riba-roja-de-turia-ca","tag-subvenciones-y-ayudas-ca"],"_links":{"self":[{"href":"https:\/\/tucomarca.whitekongsoftware.com\/ca\/wp-json\/wp\/v2\/posts\/200744","targetHints":{"allow":["GET"]}}],"collection":[{"href":"https:\/\/tucomarca.whitekongsoftware.com\/ca\/wp-json\/wp\/v2\/posts"}],"about":[{"href":"https:\/\/tucomarca.whitekongsoftware.com\/ca\/wp-json\/wp\/v2\/types\/post"}],"author":[{"embeddable":true,"href":"https:\/\/tucomarca.whitekongsoftware.com\/ca\/wp-json\/wp\/v2\/users\/12"}],"replies":[{"embeddable":true,"href":"https:\/\/tucomarca.whitekongsoftware.com\/ca\/wp-json\/wp\/v2\/comments?post=200744"}],"version-history":[{"count":0,"href":"https:\/\/tucomarca.whitekongsoftware.com\/ca\/wp-json\/wp\/v2\/posts\/200744\/revisions"}],"wp:featuredmedia":[{"embeddable":true,"href":"https:\/\/tucomarca.whitekongsoftware.com\/ca\/wp-json\/wp\/v2\/media\/200743"}],"wp:attachment":[{"href":"https:\/\/tucomarca.whitekongsoftware.com\/ca\/wp-json\/wp\/v2\/media?parent=200744"}],"wp:term":[{"taxonomy":"category","embeddable":true,"href":"https:\/\/tucomarca.whitekongsoftware.com\/ca\/wp-json\/wp\/v2\/categories?post=200744"},{"taxonomy":"post_tag","embeddable":true,"href":"https:\/\/tucomarca.whitekongsoftware.com\/ca\/wp-json\/wp\/v2\/tags?post=200744"}],"curies":[{"name":"wp","href":"https:\/\/api.w.org\/{rel}","templated":true}]}}