{"id":200630,"date":"2023-10-16T11:00:00","date_gmt":"2023-10-16T09:00:00","guid":{"rendered":"https:\/\/www.tucomarca.com\/wordpress\/segunda\/?p=200630"},"modified":"2023-10-16T13:39:36","modified_gmt":"2023-10-16T11:39:36","slug":"la-societat-musical-lartistica-de-xiva-plena-de-musica-la-ciutat-dels-arts-i-els-ciencies-de-valencia","status":"publish","type":"post","link":"https:\/\/tucomarca.whitekongsoftware.com\/ca\/la-societat-musical-lartistica-de-xiva-plena-de-musica-la-ciutat-dels-arts-i-els-ciencies-de-valencia\/","title":{"rendered":"La Societat Musical \u201cL&#8217;Art\u00edstica&#8221; de Xiva plena de m\u00fasica la Ciutat dels Arts i els Ci\u00e8ncies de Val\u00e8ncia"},"content":{"rendered":"\n<p class=\"wp-block-paragraph\">En els passats dies 13 i 14 d&#8217;este mes d&#8217;octubre s&#8217;ha celebrat la V Mostra de Turisme de la Comunitat Valenciana, en el \u201cSal\u00f3 Alqueries\u201d del Museu dels Ci\u00e8ncies de la Ciutat dels Arts i els Ci\u00e9ncies de Val\u00e8ncia, on el p\u00fablic ha pogut con\u00e9ixer una gran oferta tur\u00edstica, gastron\u00f2mica i tamb\u00e9 musical de la nostra Comunitat.<\/p>\n\n\n\n<figure class=\"wp-block-image size-full\"><img loading=\"lazy\" decoding=\"async\" width=\"910\" height=\"518\" src=\"http:\/\/www.tucomarca.com\/wordpress\/segunda\/wp-content\/uploads\/2023\/10\/BandaChivaCiencias1.jpg\" alt=\"\" class=\"wp-image-200627\" srcset=\"https:\/\/tucomarca.whitekongsoftware.com\/wp-content\/uploads\/2023\/10\/BandaChivaCiencias1.jpg 910w, https:\/\/tucomarca.whitekongsoftware.com\/wp-content\/uploads\/2023\/10\/BandaChivaCiencias1-300x171.jpg 300w, https:\/\/tucomarca.whitekongsoftware.com\/wp-content\/uploads\/2023\/10\/BandaChivaCiencias1-768x437.jpg 768w\" sizes=\"auto, (max-width: 910px) 100vw, 910px\" \/><\/figure>\n\n\n\n<p class=\"wp-block-paragraph\">En els primers dies del mes d&#8217;octubre la Societat Musical \u201cL&#8217;Art\u00edstica de Xiva\u201d va rebre un comunicat de la Federaci\u00f3 de Societats Musicals de la Comunitat Valenciana en el qual se li comunicava qu\u00e8, la seua societat musical ha sigut seleccionada per a participar en la \u201cMostra de Turisme de la Comunitat Valenciana 2023\u201d. Immediatament es va comunicar l&#8217;acceptaci\u00f3 i es va acordar que l&#8217;actuaci\u00f3 de la banda simf\u00f2nica seria el divendres 14 d&#8217;octubre a les 18.00 hores en l&#8217;esmentada Ciutat de les Arts i les Ci\u00e8ncies.<\/p>\n\n\n\n<p class=\"wp-block-paragraph\">A este acte s&#8217;ha despla\u00e7at la banda quasi al complet, realitzant una cercavila que va durar m\u00e9s de 30 minuts, on la banda dirigida pel seu director titular, Vicente Reche Ruiz, va interpretar les seg\u00fcents composicions:<\/p>\n\n\n\n<p class=\"wp-block-paragraph\"><strong>X\u00e1bia,<\/strong>&nbsp;de Salvador Salv\u00e1.<\/p>\n\n\n\n<p class=\"wp-block-paragraph\"><strong>Amparito Roca,<\/strong>&nbsp;de Jaime Texidor.<\/p>\n\n\n\n<p class=\"wp-block-paragraph\"><strong>P\u00e9rez Barcel\u00f3,<\/strong>&nbsp;de B. Sanch\u00eds Porta.<\/p>\n\n\n\n<p class=\"wp-block-paragraph\"><strong>Morenito de Val\u00e8ncia,<\/strong>&nbsp;de Vicente Portal\u00e9s.<\/p>\n\n\n\n<p class=\"wp-block-paragraph\"><strong>Ter\u00e7 de lleves,<\/strong>&nbsp;de Rafael Talens.<\/p>\n\n\n\n<p class=\"wp-block-paragraph\"><strong>Rag\u00f3n Felex,<\/strong>&nbsp;d&#8217;Emilio Cebri\u00e1n, i&nbsp;<strong>Val\u00e8ncia,<\/strong>&nbsp;de Jos\u00e9 Padilla.<\/p>\n\n\n\n<p class=\"wp-block-paragraph\">El nombr\u00f3s p\u00fablic que a causa de la calor estava principalment dins del recinte, en sentir la banda va eixir a presenciar la desfilada aplaudint intensament als m\u00fasics i Junta Directiva que desfilava darrere de la Bandera; tots es van sentir molt complaguts per estes mostres d&#8217;acceptaci\u00f3, i per desfilar en un lloc tan emblem\u00e0tic de Val\u00e8ncia, el record del qual estar\u00e0 en la ment de tots durant molt de temps.<\/p>\n","protected":false},"excerpt":{"rendered":"<div class=\"mh-excerpt\">En els passats dies 13 i 14 d&#8217;este mes d&#8217;octubre s&#8217;ha celebrat la V Mostra de Turisme de la Comunitat Valenciana, en el \u201cSal\u00f3 Alqueries\u201d del Museu dels Ci\u00e8ncies de la Ciutat dels Arts i <a class=\"mh-excerpt-more\" href=\"https:\/\/tucomarca.whitekongsoftware.com\/ca\/la-societat-musical-lartistica-de-xiva-plena-de-musica-la-ciutat-dels-arts-i-els-ciencies-de-valencia\/\" title=\"La Societat Musical \u201cL&#8217;Art\u00edstica&#8221; de Xiva plena de m\u00fasica la Ciutat dels Arts i els Ci\u00e8ncies de Val\u00e8ncia\">[+] <\/a><\/div>\n","protected":false},"author":12,"featured_media":200626,"comment_status":"open","ping_status":"open","sticky":false,"template":"","format":"image","meta":{"footnotes":""},"categories":[11005,10894,10912,11007,10896,10975],"tags":[11195,10914,14188],"class_list":["post-200630","post","type-post","status-publish","format-image","has-post-thumbnail","category-canal-musica","category-la-comarca-ca","category-la-hoya-ca","category-ocio-y-cultura-ca","category-seccion-ca","category-chiva-ca","tag-chiva-ca","tag-la-hoya-de-bunol-chiva-ca","tag-sm-la-artistica-de-chiva-2-ca","post_format-post-format-image"],"_links":{"self":[{"href":"https:\/\/tucomarca.whitekongsoftware.com\/ca\/wp-json\/wp\/v2\/posts\/200630","targetHints":{"allow":["GET"]}}],"collection":[{"href":"https:\/\/tucomarca.whitekongsoftware.com\/ca\/wp-json\/wp\/v2\/posts"}],"about":[{"href":"https:\/\/tucomarca.whitekongsoftware.com\/ca\/wp-json\/wp\/v2\/types\/post"}],"author":[{"embeddable":true,"href":"https:\/\/tucomarca.whitekongsoftware.com\/ca\/wp-json\/wp\/v2\/users\/12"}],"replies":[{"embeddable":true,"href":"https:\/\/tucomarca.whitekongsoftware.com\/ca\/wp-json\/wp\/v2\/comments?post=200630"}],"version-history":[{"count":0,"href":"https:\/\/tucomarca.whitekongsoftware.com\/ca\/wp-json\/wp\/v2\/posts\/200630\/revisions"}],"wp:featuredmedia":[{"embeddable":true,"href":"https:\/\/tucomarca.whitekongsoftware.com\/ca\/wp-json\/wp\/v2\/media\/200626"}],"wp:attachment":[{"href":"https:\/\/tucomarca.whitekongsoftware.com\/ca\/wp-json\/wp\/v2\/media?parent=200630"}],"wp:term":[{"taxonomy":"category","embeddable":true,"href":"https:\/\/tucomarca.whitekongsoftware.com\/ca\/wp-json\/wp\/v2\/categories?post=200630"},{"taxonomy":"post_tag","embeddable":true,"href":"https:\/\/tucomarca.whitekongsoftware.com\/ca\/wp-json\/wp\/v2\/tags?post=200630"}],"curies":[{"name":"wp","href":"https:\/\/api.w.org\/{rel}","templated":true}]}}