{"id":200615,"date":"2023-10-16T12:00:00","date_gmt":"2023-10-16T10:00:00","guid":{"rendered":"https:\/\/www.tucomarca.com\/wordpress\/segunda\/?p=200615"},"modified":"2023-10-16T13:01:25","modified_gmt":"2023-10-16T11:01:25","slug":"lalcalde-de-benaguasil-es-reuneix-amb-el-conseller-de-sanitat-per-a-traslladar-li-les-necessitats-de-la-poblacio-en-materia-de-salut","status":"publish","type":"post","link":"https:\/\/tucomarca.whitekongsoftware.com\/ca\/lalcalde-de-benaguasil-es-reuneix-amb-el-conseller-de-sanitat-per-a-traslladar-li-les-necessitats-de-la-poblacio-en-materia-de-salut\/","title":{"rendered":"L&#8217;alcalde de Benaguasil es reuneix amb el conseller de Sanitat per a traslladar-li les necessitats de la poblaci\u00f3 en mat\u00e8ria de salut"},"content":{"rendered":"\n<h3 class=\"wp-block-heading\"><strong>Ximo Segarra tamb\u00e9 ha mantingut una reuni\u00f3 amb el \u00a0secretari auton\u00f2mic d&#8217;Infraestructures i Transports per a con\u00e9ixer l&#8217;estat d&#8217;execuci\u00f3 de les obres de la CV-50\u00a0<\/strong><\/h3>\n\n\n\n<p class=\"wp-block-paragraph\">L&#8217;alcalde de Benaguasil, Ximo Segarra i la regidor de Sanitat, Alicia Molina, s&#8217;han reunit amb el conseller de Sanitat, Marci\u00e0 G\u00f3mez i amb la directora general d&#8217;Atenci\u00f3 Prim\u00e0ria, Eva Su\u00e1rez per a abordar q\u00fcestions de car\u00e0cter sanitari en el municipi.<br>En la visita s&#8217;han tractat temes com l&#8217;ampliaci\u00f3 del centre de salut, l&#8217;ampliaci\u00f3 de la cartera de serveis de l&#8217;hospital Arnau i la necessitat de cobrir les necessitats de transport a l&#8217;hospital de Ll\u00edria.\u00a0<br>D&#8217;altra banda Ximo Segarra, juntament amb l&#8217;alcalde de Vilamarxant, H\u00e9ctor Troyano, ha mantingut una reuni\u00f3 amb el secretari auton\u00f2mic d&#8217;Infraestructures i Transports, Jos\u00e9 Vicente D\u00f3mine, per a con\u00e9ixer l&#8217;estat d&#8217;execuci\u00f3 de les obres de la CV-50,\u00a0una infraestructura priorit\u00e0ria per a Benaguasil i per a la comarca. Tots dos municipis li han exposat de manera conjunta al secretari auton\u00f2mic la necessitat dels dos municipis de posar en marxa la finalitzaci\u00f3 de la ronda de la CV-50.<br>Estes trobades se sumen a la ronda de reunions que est\u00e0 mantenint alcalde de Benaguasil, Ximo Segarra amb el nou Consell de Carlos Maz\u00f3n, per a abordar els temes d&#8217;inter\u00e9s per al municipi i les inversions de la Generalitat.<\/p>\n\n\n\n<figure class=\"wp-block-image size-large\"><img loading=\"lazy\" decoding=\"async\" width=\"1024\" height=\"537\" src=\"http:\/\/www.tucomarca.com\/wordpress\/segunda\/wp-content\/uploads\/2023\/10\/XimoSegarraConseller2-1024x537.jpg\" alt=\"\" class=\"wp-image-200613\" srcset=\"https:\/\/tucomarca.whitekongsoftware.com\/wp-content\/uploads\/2023\/10\/XimoSegarraConseller2-1024x537.jpg 1024w, https:\/\/tucomarca.whitekongsoftware.com\/wp-content\/uploads\/2023\/10\/XimoSegarraConseller2-300x157.jpg 300w, https:\/\/tucomarca.whitekongsoftware.com\/wp-content\/uploads\/2023\/10\/XimoSegarraConseller2-768x402.jpg 768w, https:\/\/tucomarca.whitekongsoftware.com\/wp-content\/uploads\/2023\/10\/XimoSegarraConseller2-1536x805.jpg 1536w, https:\/\/tucomarca.whitekongsoftware.com\/wp-content\/uploads\/2023\/10\/XimoSegarraConseller2.jpg 2000w\" sizes=\"auto, (max-width: 1024px) 100vw, 1024px\" \/><\/figure>\n","protected":false},"excerpt":{"rendered":"<div class=\"mh-excerpt\">Ximo Segarra tamb\u00e9 ha mantingut una reuni\u00f3 amb el \u00a0secretari auton\u00f2mic d&#8217;Infraestructures i Transports per a con\u00e9ixer l&#8217;estat d&#8217;execuci\u00f3 de les obres de la CV-50\u00a0 L&#8217;alcalde de Benaguasil, Ximo Segarra i la regidor de Sanitat, <a class=\"mh-excerpt-more\" href=\"https:\/\/tucomarca.whitekongsoftware.com\/ca\/lalcalde-de-benaguasil-es-reuneix-amb-el-conseller-de-sanitat-per-a-traslladar-li-les-necessitats-de-la-poblacio-en-materia-de-salut\/\" title=\"L&#8217;alcalde de Benaguasil es reuneix amb el conseller de Sanitat per a traslladar-li les necessitats de la poblaci\u00f3 en mat\u00e8ria de salut\">[+] <\/a><\/div>\n","protected":false},"author":1,"featured_media":200611,"comment_status":"open","ping_status":"open","sticky":false,"template":"","format":"standard","meta":{"footnotes":""},"categories":[10952,10892,10948,10894,10947,10896],"tags":[11136,10899],"class_list":["post-200615","post","type-post","status-publish","format-standard","has-post-thumbnail","category-benaguasil-ca","category-camp-de-turia-ca","category-infraestructuras-ca","category-la-comarca-ca","category-politica","category-seccion-ca","tag-benaguasil-ca","tag-camp-de-turia-ca"],"_links":{"self":[{"href":"https:\/\/tucomarca.whitekongsoftware.com\/ca\/wp-json\/wp\/v2\/posts\/200615","targetHints":{"allow":["GET"]}}],"collection":[{"href":"https:\/\/tucomarca.whitekongsoftware.com\/ca\/wp-json\/wp\/v2\/posts"}],"about":[{"href":"https:\/\/tucomarca.whitekongsoftware.com\/ca\/wp-json\/wp\/v2\/types\/post"}],"author":[{"embeddable":true,"href":"https:\/\/tucomarca.whitekongsoftware.com\/ca\/wp-json\/wp\/v2\/users\/1"}],"replies":[{"embeddable":true,"href":"https:\/\/tucomarca.whitekongsoftware.com\/ca\/wp-json\/wp\/v2\/comments?post=200615"}],"version-history":[{"count":0,"href":"https:\/\/tucomarca.whitekongsoftware.com\/ca\/wp-json\/wp\/v2\/posts\/200615\/revisions"}],"wp:featuredmedia":[{"embeddable":true,"href":"https:\/\/tucomarca.whitekongsoftware.com\/ca\/wp-json\/wp\/v2\/media\/200611"}],"wp:attachment":[{"href":"https:\/\/tucomarca.whitekongsoftware.com\/ca\/wp-json\/wp\/v2\/media?parent=200615"}],"wp:term":[{"taxonomy":"category","embeddable":true,"href":"https:\/\/tucomarca.whitekongsoftware.com\/ca\/wp-json\/wp\/v2\/categories?post=200615"},{"taxonomy":"post_tag","embeddable":true,"href":"https:\/\/tucomarca.whitekongsoftware.com\/ca\/wp-json\/wp\/v2\/tags?post=200615"}],"curies":[{"name":"wp","href":"https:\/\/api.w.org\/{rel}","templated":true}]}}