{"id":200552,"date":"2023-10-14T10:00:00","date_gmt":"2023-10-14T08:00:00","guid":{"rendered":"https:\/\/www.tucomarca.com\/wordpress\/segunda\/?p=200552"},"modified":"2023-11-03T12:31:31","modified_gmt":"2023-11-03T11:31:31","slug":"el-concurs-literari-amic-ficcions-arrenca-imparable-la-seva-16-edicio-amb-mes-de-500-inscrits","status":"publish","type":"post","link":"https:\/\/tucomarca.whitekongsoftware.com\/ca\/el-concurs-literari-amic-ficcions-arrenca-imparable-la-seva-16-edicio-amb-mes-de-500-inscrits\/","title":{"rendered":"El concurs literari AMIC-Ficcions arrenca imparable la seva 16 edici\u00f3 amb m\u00e9s de 500 inscrits"},"content":{"rendered":"\n<h4 class=\"wp-block-heading\">Aquest dilluns 2 d\u2019octubre els estudiants van comen\u00e7ar a registrar-se al certamen literari a trav\u00e9s del web\u00a0www.amicficcions.cat\u00a0assolint un inici de participaci\u00f3 r\u00e8cord<\/h4>\n\n\n\n<p class=\"wp-block-paragraph\"><em>\u201cAMIC-Ficcions, l\u2019aventura de crear hist\u00f2ries\u201d<strong>\u00a0<\/strong><\/em>ha arrencat la seva 16a edici\u00f3 amb m\u00e9s de 500 inscrits la primera setmana assolint aix\u00ed un inici de concurs de participaci\u00f3 r\u00e8cord.\u00a0Des d\u2019aquest dilluns 2 d\u2019octubre i fins al 30 de gener de 2024 els estudiants que vulguin participar es poden continuar registrant a trav\u00e9s del web\u00a0www.amicficcions.cat. Al concurs de creaci\u00f3 liter\u00e0ria<strong>\u00a0l\u2019any passat hi van participar m\u00e9s de 5.340 estudiants<\/strong>\u00a0de segon cicle d\u2019ESO, Batxillerat i CFGM de Catalunya, Illes Balears, Pa\u00eds Valenci\u00e0, Arag\u00f3 i Andorra.\u00a0<\/p>\n\n\n\n<p class=\"wp-block-paragraph\"><strong>AMIC-Ficcions, L\u2019aventura de crear hist\u00f2ries<\/strong><\/p>\n\n\n\n<p class=\"wp-block-paragraph\">L\u2019objectiu del concurs \u00e9s impulsar la creaci\u00f3 liter\u00e0ria i el treball en equip dels estudiants de Secund\u00e0ria, Batxillerat o Cicles Formatius de Grau Mitj\u00e0 amb inquietuds liter\u00e0ries i culturals. AMIC-Ficcions vol continuar creixent i consolidar-se com el concurs de creaci\u00f3 en llengua catalana de refer\u00e8ncia per als joves. Un total de 350 instituts hi van participar en la darrera edici\u00f3 gr\u00e0cies a la participaci\u00f3 de l\u2019alumnat i a la col\u00b7laboraci\u00f3 del professorat.&nbsp;<\/p>\n\n\n\n<p class=\"wp-block-paragraph\"><strong>El funcionament&nbsp;<\/strong><\/p>\n\n\n\n<p class=\"wp-block-paragraph\">El concurs es desenvolupa a trav\u00e9s del web\u00a0www.amicficcions.cat, un punt de trobada on, a m\u00e9s de publicar-hi les seves hist\u00f2ries, els participants podran trobar-hi not\u00edcies, entrevistes i enlla\u00e7os d\u2019inter\u00e8s. AMIC-Ficcions proposa cinc inicis extrets de les seg\u00fcents obres publicades<em>:\u00a0La bruixa blanca\u00a0<\/em>de Shelby Mahurin<em>,\u00a0La cosina gran\u00a0<\/em>de Laura Gost<em>,\u00a0Guilleries\u00a0<\/em>de Ferran Garcia<em>,\u00a0La connexi\u00f3 maltesa\u00a0<\/em>de Jordi Sierra i Fabra<em>\u00a0i\u00a0El fill del senescal d\u2019Egipte\u00a0<\/em>(autor an\u00f2nim<em>).\u00a0<\/em>A partir d\u2019aquests fragments, l\u2019alumnat ha de crear una hist\u00f2ria de tres cap\u00edtols. La participaci\u00f3 pot ser individual o en grup de fins a tres persones.<\/p>\n\n\n\n<p class=\"wp-block-paragraph\"><strong>El jurat i els premis<\/strong><\/p>\n\n\n\n<p class=\"wp-block-paragraph\">La pujada del primer cap\u00edtol comen\u00e7ar\u00e0 el&nbsp;<strong>8 de gener de 2024 i el concurs acabar\u00e0 el 20 de mar\u00e7 de 2024<\/strong>, data l\u00edmit per entregar el tercer i \u00faltim cap\u00edtol. El jurat, format per persones vinculades al m\u00f3n de la literatura i l\u2019educaci\u00f3, valorar\u00e0 la qualitat i l\u2019originalitat de les hist\u00f2ries. El veredicte es far\u00e0 p\u00fablic en diferents actes de cloenda territorials al llarg del mes de maig, on els finalistes i el professorat hi seran convidats.&nbsp;<\/p>\n\n\n\n<p class=\"wp-block-paragraph\">L\u2019organitzaci\u00f3 del concurs premiar\u00e0 les millors hist\u00f2ries de cada territori. Els premis de l\u2019edici\u00f3 d\u2019enguany s\u00f3n:&nbsp;<strong>iPhones, PlayStations, iPads, llibres electr\u00f2nics, rellotges intel\u00b7ligents i auriculars sense fils<\/strong>. Tamb\u00e9 es premiaran als professors\/es m\u00e9s motivadors\/es dels diferents territoris que m\u00e9s alumnes hagin presentat al concurs i, entre els quals, m\u00e9s relats hagin arribat a la final. Entre els premis al professorat per prov\u00edncies sortir\u00e0 el Premi al Professor\/a m\u00e9s motivador\/a de cada territori, el qual ser\u00e0 guardonat amb una estada per a dues persones de dos dies amb sopar o esmorzar incl\u00f2s.<\/p>\n\n\n\n<p class=\"wp-block-paragraph\"><strong>Organitza AMIC,&nbsp;<em>comprom\u00eds amb l\u2019educaci\u00f3<\/em><\/strong><\/p>\n\n\n\n<p class=\"wp-block-paragraph\">L\u2019AMIC, Associaci\u00f3 de Mitjans d\u2019Informaci\u00f3 i Comunicaci\u00f3, representa a m\u00e9s de cinc-centes trenta publicacions en paper i mitjans digitals fortament arrelades arreu del nostre \u00e0mbit territorial, que conjuntament arriben a una tirada en premsa d\u20191.200.000 exemplars, mentre que en digital superen els 14.000.000 navegadors \u00fanics mensuals.&nbsp;<\/p>\n\n\n\n<p class=\"wp-block-paragraph\">L\u2019Associaci\u00f3 vol donar continu\u00eftat i potenciar aquesta iniciativa a la xarxa que compta amb un gran \u00e8xit de participaci\u00f3 dels joves i que t\u00e9 la voluntat de promoure la creaci\u00f3 liter\u00e0ria, perqu\u00e8 forma part del seu comprom\u00eds amb l\u2019educaci\u00f3, la joventut i la creaci\u00f3.<\/p>\n","protected":false},"excerpt":{"rendered":"<div class=\"mh-excerpt\">Aquest dilluns 2 d\u2019octubre els estudiants van comen\u00e7ar a registrar-se al certamen literari a trav\u00e9s del web\u00a0www.amicficcions.cat\u00a0assolint un inici de participaci\u00f3 r\u00e8cord \u201cAMIC-Ficcions, l\u2019aventura de crear hist\u00f2ries\u201d\u00a0ha arrencat la seva 16a edici\u00f3 amb m\u00e9s de <a class=\"mh-excerpt-more\" href=\"https:\/\/tucomarca.whitekongsoftware.com\/ca\/el-concurs-literari-amic-ficcions-arrenca-imparable-la-seva-16-edicio-amb-mes-de-500-inscrits\/\" title=\"El concurs literari AMIC-Ficcions arrenca imparable la seva 16 edici\u00f3 amb m\u00e9s de 500 inscrits\">[+] <\/a><\/div>\n","protected":false},"author":12,"featured_media":200550,"comment_status":"open","ping_status":"open","sticky":false,"template":"","format":"standard","meta":{"footnotes":""},"categories":[11019,10894,10904,11007,10896],"tags":[13092,13094],"class_list":["post-200552","post","type-post","status-publish","format-standard","has-post-thumbnail","category-agenda-ca","category-la-comarca-ca","category-sin-categorizar-ca","category-ocio-y-cultura-ca","category-seccion-ca","tag-amic-ficcions-ca","tag-concurs-literari"],"_links":{"self":[{"href":"https:\/\/tucomarca.whitekongsoftware.com\/ca\/wp-json\/wp\/v2\/posts\/200552","targetHints":{"allow":["GET"]}}],"collection":[{"href":"https:\/\/tucomarca.whitekongsoftware.com\/ca\/wp-json\/wp\/v2\/posts"}],"about":[{"href":"https:\/\/tucomarca.whitekongsoftware.com\/ca\/wp-json\/wp\/v2\/types\/post"}],"author":[{"embeddable":true,"href":"https:\/\/tucomarca.whitekongsoftware.com\/ca\/wp-json\/wp\/v2\/users\/12"}],"replies":[{"embeddable":true,"href":"https:\/\/tucomarca.whitekongsoftware.com\/ca\/wp-json\/wp\/v2\/comments?post=200552"}],"version-history":[{"count":0,"href":"https:\/\/tucomarca.whitekongsoftware.com\/ca\/wp-json\/wp\/v2\/posts\/200552\/revisions"}],"wp:featuredmedia":[{"embeddable":true,"href":"https:\/\/tucomarca.whitekongsoftware.com\/ca\/wp-json\/wp\/v2\/media\/200550"}],"wp:attachment":[{"href":"https:\/\/tucomarca.whitekongsoftware.com\/ca\/wp-json\/wp\/v2\/media?parent=200552"}],"wp:term":[{"taxonomy":"category","embeddable":true,"href":"https:\/\/tucomarca.whitekongsoftware.com\/ca\/wp-json\/wp\/v2\/categories?post=200552"},{"taxonomy":"post_tag","embeddable":true,"href":"https:\/\/tucomarca.whitekongsoftware.com\/ca\/wp-json\/wp\/v2\/tags?post=200552"}],"curies":[{"name":"wp","href":"https:\/\/api.w.org\/{rel}","templated":true}]}}