{"id":199935,"date":"2023-10-06T11:00:00","date_gmt":"2023-10-06T09:00:00","guid":{"rendered":"https:\/\/www.tucomarca.com\/wordpress\/segunda\/?p=199935"},"modified":"2023-10-06T21:04:24","modified_gmt":"2023-10-06T19:04:24","slug":"ja-a-la-venda-les-entrades-per-a-romeo-i-julieta-desperten-el-21-doctubre-en-el-teatre-montecarlo-de-bunyol","status":"publish","type":"post","link":"https:\/\/tucomarca.whitekongsoftware.com\/ca\/ja-a-la-venda-les-entrades-per-a-romeo-i-julieta-desperten-el-21-doctubre-en-el-teatre-montecarlo-de-bunyol\/","title":{"rendered":"Ja a la venda les entrades per a \u201cRomeo i Julieta desperten&#8221;, el 21 d&#8217;octubre en el Teatre Montecarlo de Bunyol"},"content":{"rendered":"\n<h4 class=\"wp-block-heading\">Ana Bel\u00e9n i Jes\u00fas Noguero donen vida als m\u00edtics personatges de Shakespeare 50 anys despr\u00e9s de la seua mort<\/h4>\n\n\n\n<p class=\"wp-block-paragraph\">Ja estan a la venda les entrades per a l&#8217;esdeveniment teatral de la tardor a Bunyol. Entrecajas Produccions S.L., presenta:&nbsp; \u201cRomeo i Julieta desperten\u201d\u2026 el pr\u00f2xim 21 d&#8217;octubre, a les 19 h en el Teatre Montecarlo.<\/p>\n\n\n\n<p class=\"wp-block-paragraph\">Ana Bel\u00e9n i Jes\u00fas Noguero donen vida als m\u00edtics personatges de Shakespeare 50 anys despr\u00e9s de la seua mort. Organitza: regidoria de Cultura de l&#8217;Ajuntament de Bunyol, dins de l&#8217;agenda cultural &#8220;Bunyol Actua&#8221;. Entrada anticipada: 20 euros i en taquilla: 25 euros<\/p>\n\n\n\n<p class=\"wp-block-paragraph\">Venda&nbsp; anticipada&nbsp; en&nbsp; botiga de Roba i Complements Marina, kiosko Desi, drogueria La Pla\u00e7a i Biblioteca Municipal.<\/p>\n\n\n\n<p class=\"wp-block-paragraph\"><strong>FITXA ART\u00cdSTICA<\/strong><\/p>\n\n\n\n<p class=\"wp-block-paragraph\">JULIETA&nbsp; &nbsp;&nbsp;<strong>Ana Bel\u00e9n<\/strong><\/p>\n\n\n\n<p class=\"wp-block-paragraph\">ROMEO&nbsp; &nbsp;&nbsp;<strong>Jes\u00fas Noguero<\/strong><\/p>\n\n\n\n<p class=\"wp-block-paragraph\">Lady Capuleto \/Violoncel&nbsp;<strong>Irene Rouco<\/strong><\/p>\n\n\n\n<p class=\"wp-block-paragraph\">Estima \/Guitarra&nbsp;<strong>Jos\u00e9 Luis Torrijo<\/strong><\/p>\n\n\n\n<p class=\"wp-block-paragraph\">Pare Lorenzo \/Piano&nbsp;<strong>David San Jos\u00e9<\/strong><\/p>\n\n\n\n<p class=\"wp-block-paragraph\">Direcci\u00f3&nbsp;<strong>Rafael S\u00e1nchez<\/strong><\/p>\n\n\n\n<p class=\"wp-block-paragraph\"><strong>Sinopsi<\/strong><\/p>\n\n\n\n<p class=\"wp-block-paragraph\">Tots coneixem l&#8217;excel\u00b7lent i lamentable trag\u00e8dia de Romeo i Julieta. Els amants que van preferir morir junts abans que viure separats.&nbsp;<\/p>\n\n\n\n<p class=\"wp-block-paragraph\">Shakespeare diu que la mort \u00e9s la fi de tot i que Romeo i Julieta van morir abra\u00e7ats en el mausoleu de Verona, ara 400 anys despr\u00e9s, us demostrarem que Shakespeare es va equivocar: Ana Bel\u00e9n i Jesus ens contaran la vertadera hist\u00f2ria d&#8217;aquest amor prohibit.&nbsp;<\/p>\n\n\n\n<p class=\"wp-block-paragraph\">Julieta i Romeo desperten despr\u00e9s d&#8217;un llarg somni, per\u00f2 no es reconeixen. Julieta nom\u00e9s veu a un cavaller ochent\u00f3n i Romeo a una dama molt ben conservada. Els dos es creuen que encara s\u00f3n un parell d&#8217;adolescents. Julieta pensa que nom\u00e9s va dormir un parell d&#8217;instants i espera ansiosament al seu etern estimat; Romeo en canvi no es recorda de res. I aix\u00ed, el que sempre vam creure que era el final de la trag\u00e8dia, \u00e9s el comen\u00e7ament de la vertadera hist\u00f2ria dels amants m\u00e9s famosos del m\u00f3n.&nbsp;<\/p>\n\n\n\n<p class=\"wp-block-paragraph\">Julieta ha de recon\u00e9ixer que ja no t\u00e9 16 anys i Romeo ha d&#8217;enfrontar-se a una paret blanca contra la qual xoca en intentar recordar qui \u00e9s i d&#8217;on ve.<\/p>\n\n\n\n<p class=\"wp-block-paragraph\">Entre la felicitat de per fi poder estar junts i l&#8217;enorme tristesa de no haver pogut viure una vida sencera junts els dos intenten esbrinar com van arribar fins ac\u00ed i qu\u00e8 \u00e9s el que encara els uneix.&nbsp;<\/p>\n\n\n\n<p class=\"wp-block-paragraph\">Ells ens agafen de la m\u00e0 i ens ensenyen les escenes m\u00e9s enigm\u00e0tiques de la trag\u00e8dia. S&#8217;enamoren, s&#8217;enfronten en duel, s&#8217;escapoleixen, es casen, canten i ballen s&#8217;enverinen i al final moren, per a demostrar a Shakespeare que la mort no \u00e9s la fi de tot.<\/p>\n\n\n\n<figure class=\"wp-block-image size-large\"><img loading=\"lazy\" decoding=\"async\" width=\"726\" height=\"1024\" src=\"http:\/\/www.tucomarca.com\/wordpress\/segunda\/wp-content\/uploads\/2023\/10\/RomeoyJulietaG-726x1024.jpg\" alt=\"\" class=\"wp-image-199931\" srcset=\"https:\/\/tucomarca.whitekongsoftware.com\/wp-content\/uploads\/2023\/10\/RomeoyJulietaG-726x1024.jpg 726w, https:\/\/tucomarca.whitekongsoftware.com\/wp-content\/uploads\/2023\/10\/RomeoyJulietaG-213x300.jpg 213w, https:\/\/tucomarca.whitekongsoftware.com\/wp-content\/uploads\/2023\/10\/RomeoyJulietaG-768x1083.jpg 768w, https:\/\/tucomarca.whitekongsoftware.com\/wp-content\/uploads\/2023\/10\/RomeoyJulietaG.jpg 886w\" sizes=\"auto, (max-width: 726px) 100vw, 726px\" \/><\/figure>\n","protected":false},"excerpt":{"rendered":"<div class=\"mh-excerpt\">Ana Bel\u00e9n i Jes\u00fas Noguero donen vida als m\u00edtics personatges de Shakespeare 50 anys despr\u00e9s de la seua mort Ja estan a la venda les entrades per a l&#8217;esdeveniment teatral de la tardor a Bunyol. <a class=\"mh-excerpt-more\" href=\"https:\/\/tucomarca.whitekongsoftware.com\/ca\/ja-a-la-venda-les-entrades-per-a-romeo-i-julieta-desperten-el-21-doctubre-en-el-teatre-montecarlo-de-bunyol\/\" title=\"Ja a la venda les entrades per a \u201cRomeo i Julieta desperten&#8221;, el 21 d&#8217;octubre en el Teatre Montecarlo de Bunyol\">[+] <\/a><\/div>\n","protected":false},"author":12,"featured_media":199930,"comment_status":"open","ping_status":"open","sticky":false,"template":"","format":"standard","meta":{"footnotes":""},"categories":[11019,10911,10894,10912,11007,10896],"tags":[10913,14722,13056,10914],"class_list":["post-199935","post","type-post","status-publish","format-standard","has-post-thumbnail","category-agenda-ca","category-bunol-ca","category-la-comarca-ca","category-la-hoya-ca","category-ocio-y-cultura-ca","category-seccion-ca","tag-bunol-ca","tag-bunol-actua-ca","tag-concejalia-de-cultura-ca","tag-la-hoya-de-bunol-chiva-ca"],"_links":{"self":[{"href":"https:\/\/tucomarca.whitekongsoftware.com\/ca\/wp-json\/wp\/v2\/posts\/199935","targetHints":{"allow":["GET"]}}],"collection":[{"href":"https:\/\/tucomarca.whitekongsoftware.com\/ca\/wp-json\/wp\/v2\/posts"}],"about":[{"href":"https:\/\/tucomarca.whitekongsoftware.com\/ca\/wp-json\/wp\/v2\/types\/post"}],"author":[{"embeddable":true,"href":"https:\/\/tucomarca.whitekongsoftware.com\/ca\/wp-json\/wp\/v2\/users\/12"}],"replies":[{"embeddable":true,"href":"https:\/\/tucomarca.whitekongsoftware.com\/ca\/wp-json\/wp\/v2\/comments?post=199935"}],"version-history":[{"count":0,"href":"https:\/\/tucomarca.whitekongsoftware.com\/ca\/wp-json\/wp\/v2\/posts\/199935\/revisions"}],"wp:featuredmedia":[{"embeddable":true,"href":"https:\/\/tucomarca.whitekongsoftware.com\/ca\/wp-json\/wp\/v2\/media\/199930"}],"wp:attachment":[{"href":"https:\/\/tucomarca.whitekongsoftware.com\/ca\/wp-json\/wp\/v2\/media?parent=199935"}],"wp:term":[{"taxonomy":"category","embeddable":true,"href":"https:\/\/tucomarca.whitekongsoftware.com\/ca\/wp-json\/wp\/v2\/categories?post=199935"},{"taxonomy":"post_tag","embeddable":true,"href":"https:\/\/tucomarca.whitekongsoftware.com\/ca\/wp-json\/wp\/v2\/tags?post=199935"}],"curies":[{"name":"wp","href":"https:\/\/api.w.org\/{rel}","templated":true}]}}