{"id":199859,"date":"2023-10-03T08:00:00","date_gmt":"2023-10-03T06:00:00","guid":{"rendered":"https:\/\/www.tucomarca.com\/wordpress\/segunda\/?p=199859"},"modified":"2023-10-05T14:24:03","modified_gmt":"2023-10-05T12:24:03","slug":"la-diputacio-impulsara-el-turisme-relacionat-amb-el-patrimoni-cultural-i-natural-de-la-seda-a-la-provincia","status":"publish","type":"post","link":"https:\/\/tucomarca.whitekongsoftware.com\/ca\/la-diputacio-impulsara-el-turisme-relacionat-amb-el-patrimoni-cultural-i-natural-de-la-seda-a-la-provincia\/","title":{"rendered":"La Diputaci\u00f3 impulsar\u00e0 el turisme relacionat amb el patrimoni cultural i natural de la seda a la prov\u00edncia"},"content":{"rendered":"\n<h4 class=\"wp-block-heading\">El diputat de Turisme, Pedro Cuesta, ha expressat el suport de la corporaci\u00f3 al projecte \u2018Factor\u00eda de Morera\u2019 de l&#8217;Instituto Seda Espa\u00f1a, l&#8217;objectiu de la qual \u00e9s la creaci\u00f3 d&#8217;un Centre de Turisme Regeneratiu i Circular a la comarca de la Hoya de Bu\u00f1ol-Chiva<\/h4>\n\n\n\n<p class=\"wp-block-paragraph\">El diputat de Turisme de la Diputaci\u00f3 de Val\u00e8ncia, Pedro Cuesta, ha mantingut una trobada amb el president de l\u2019Instituto Seda Espa\u00f1a, Fernando Molina, i amb el president internacional del Programa UNESCO Rutes de la Seda, Jos\u00e9 M\u00aa Chiquillo, per a con\u00e9ixer els detalls del Projecte \u2018Factor\u00eda de Morera\u2019 de l&#8217;entitat, l&#8217;objectiu de la qual \u00e9s la creaci\u00f3 d&#8217;un Centre de Turisme Regeneratiu i Circular a la comarca de la Hoya de Bu\u00f1ol-Chiva.<\/p>\n\n\n\n<p class=\"wp-block-paragraph\">El projecte se centra en la implicaci\u00f3 de les comarques de la prov\u00edncia de Val\u00e8ncia per a la creaci\u00f3 de valor social i mediambiental a trav\u00e9s del desenvolupament d&#8217;experi\u00e8ncies tur\u00edstiques relacionades amb el patrimoni cultural i natural de la seda.<\/p>\n\n\n\n<p class=\"wp-block-paragraph\">El diputat de Turisme, Pedro Cuesta, ha expressat el suport de la Diputaci\u00f3 al projecte i el seu \u201ccomprom\u00eds amb l&#8217;impuls del turisme regeneratiu a la prov\u00edncia\u201d, a m\u00e9s de destacar la import\u00e0ncia de projectes com a \u2018Factor\u00eda de Morera CO2\u2019 per al desenvolupament local i la promoci\u00f3 d&#8217;un turisme responsable.<\/p>\n\n\n\n<p class=\"wp-block-paragraph\"><strong>El projecte<\/strong><\/p>\n\n\n\n<p class=\"wp-block-paragraph\">En concret, \u2018Factor\u00eda de Morera CO2\u2019 \u00e9s una iniciativa pionera que busca crear el primer centre de turisme sostenible, regeneratiu i circular de la prov\u00edncia, promovent l&#8217;impacte positiu de l&#8217;activitat tur\u00edstica mitjan\u00e7ant el foment de pr\u00e0ctiques sostenibles i l&#8217;economia local en els municipis; la preservaci\u00f3 del patrimoni natural i cultural, en el qual destaca la import\u00e0ncia de la seda a la regi\u00f3 i el seu llegat en la hist\u00f2ria de Val\u00e8ncia; i la creaci\u00f3, amb els agents locals, d&#8217;experi\u00e8ncies tur\u00edstiques relacionades amb la producci\u00f3 de seda, la sericicultura i la hist\u00f2ria de la seda, que proporcionaran als visitants una comprensi\u00f3 m\u00e9s profunda de la tradici\u00f3 de la seda i la seua connexi\u00f3 amb l&#8217;entorn natural.<\/p>\n\n\n\n<p class=\"wp-block-paragraph\">El projecte, a m\u00e9s, es desenvolupar\u00e0 en col\u00b7laboraci\u00f3 amb els diferents ajuntaments, mitjan\u00e7ant la Xarxa P\u00fablica de Municipis Bioseda Creativa per a l&#8217;ocupaci\u00f3 i el desenvolupament econ\u00f2mic en els municipis i comarques valencianes.<\/p>\n\n\n\n<p class=\"wp-block-paragraph\">El president de l&#8217;Instituto Seda Espa\u00f1a ha agra\u00eft l&#8217;inter\u00e9s i la col\u00b7laboraci\u00f3 de la Diputaci\u00f3 de Val\u00e8ncia en esta iniciativa, a m\u00e9s de reafirmar el seu comprom\u00eds amb \u201cla creaci\u00f3 d&#8217;experi\u00e8ncies tur\u00edstiques que generen valor social i mediambiental en els municipis. \u201c<\/p>\n\n\n\n<p class=\"wp-block-paragraph\">\u201cEste projecte representa un impacte positiu en els territoris incorporant productes locals, comer\u00e7 tradicional, gastronomia km0 i l&#8217;educaci\u00f3 en la posada en valor de recursos tur\u00edstic-culturals.\u201d, ha assenyalat per part seua, Jose M\u00aa Chiquillo.<\/p>\n\n\n\n<p class=\"wp-block-paragraph\"><strong>L\u2019Instituto Seda Espa\u00f1a<\/strong><\/p>\n\n\n\n<p class=\"wp-block-paragraph\">L\u2019Instituto Seda Espa\u00f1a \u00e9s una organitzaci\u00f3 dedicada a la promoci\u00f3, preservaci\u00f3 i el desenvolupament de la tradici\u00f3 de la seda a la Comunitat Valenciana, que treballa en col\u00b7laboraci\u00f3 amb comunitats locals, institucions i experts per a impulsar projectes sostenibles relacionats amb la seda i el turisme, amb l&#8217;objectiu de crear valor social i mediambiental a trav\u00e9s de la promoci\u00f3 de la seda i el seu llegat hist\u00f2ric i cultural.<\/p>\n\n\n\n<p class=\"wp-block-paragraph\"><\/p>\n","protected":false},"excerpt":{"rendered":"<div class=\"mh-excerpt\">El diputat de Turisme, Pedro Cuesta, ha expressat el suport de la corporaci\u00f3 al projecte \u2018Factor\u00eda de Morera\u2019 de l&#8217;Instituto Seda Espa\u00f1a, l&#8217;objectiu de la qual \u00e9s la creaci\u00f3 d&#8217;un Centre de Turisme Regeneratiu i <a class=\"mh-excerpt-more\" href=\"https:\/\/tucomarca.whitekongsoftware.com\/ca\/la-diputacio-impulsara-el-turisme-relacionat-amb-el-patrimoni-cultural-i-natural-de-la-seda-a-la-provincia\/\" title=\"La Diputaci\u00f3 impulsar\u00e0 el turisme relacionat amb el patrimoni cultural i natural de la seda a la prov\u00edncia\">[+] <\/a><\/div>\n","protected":false},"author":12,"featured_media":199858,"comment_status":"open","ping_status":"open","sticky":false,"template":"","format":"standard","meta":{"footnotes":""},"categories":[10911,10948,10894,10912,10947,10896],"tags":[10913,15308,10914,12962],"class_list":["post-199859","post","type-post","status-publish","format-standard","has-post-thumbnail","category-bunol-ca","category-infraestructuras-ca","category-la-comarca-ca","category-la-hoya-ca","category-politica","category-seccion-ca","tag-bunol-ca","tag-diputacion-de-valencia-2-ca","tag-la-hoya-de-bunol-chiva-ca","tag-turismo-ca"],"_links":{"self":[{"href":"https:\/\/tucomarca.whitekongsoftware.com\/ca\/wp-json\/wp\/v2\/posts\/199859","targetHints":{"allow":["GET"]}}],"collection":[{"href":"https:\/\/tucomarca.whitekongsoftware.com\/ca\/wp-json\/wp\/v2\/posts"}],"about":[{"href":"https:\/\/tucomarca.whitekongsoftware.com\/ca\/wp-json\/wp\/v2\/types\/post"}],"author":[{"embeddable":true,"href":"https:\/\/tucomarca.whitekongsoftware.com\/ca\/wp-json\/wp\/v2\/users\/12"}],"replies":[{"embeddable":true,"href":"https:\/\/tucomarca.whitekongsoftware.com\/ca\/wp-json\/wp\/v2\/comments?post=199859"}],"version-history":[{"count":0,"href":"https:\/\/tucomarca.whitekongsoftware.com\/ca\/wp-json\/wp\/v2\/posts\/199859\/revisions"}],"wp:featuredmedia":[{"embeddable":true,"href":"https:\/\/tucomarca.whitekongsoftware.com\/ca\/wp-json\/wp\/v2\/media\/199858"}],"wp:attachment":[{"href":"https:\/\/tucomarca.whitekongsoftware.com\/ca\/wp-json\/wp\/v2\/media?parent=199859"}],"wp:term":[{"taxonomy":"category","embeddable":true,"href":"https:\/\/tucomarca.whitekongsoftware.com\/ca\/wp-json\/wp\/v2\/categories?post=199859"},{"taxonomy":"post_tag","embeddable":true,"href":"https:\/\/tucomarca.whitekongsoftware.com\/ca\/wp-json\/wp\/v2\/tags?post=199859"}],"curies":[{"name":"wp","href":"https:\/\/api.w.org\/{rel}","templated":true}]}}