{"id":199853,"date":"2023-10-05T11:00:00","date_gmt":"2023-10-05T09:00:00","guid":{"rendered":"https:\/\/www.tucomarca.com\/wordpress\/segunda\/?p=199853"},"modified":"2023-10-05T14:29:19","modified_gmt":"2023-10-05T12:29:19","slug":"el-director-general-de-diversitat-aposta-per-promoure-campanyes-deducacio-i-sensibilitzacio-per-a-reduir-estigmes-pel-vih","status":"publish","type":"post","link":"https:\/\/tucomarca.whitekongsoftware.com\/ca\/el-director-general-de-diversitat-aposta-per-promoure-campanyes-deducacio-i-sensibilitzacio-per-a-reduir-estigmes-pel-vih\/","title":{"rendered":"El director general de Diversitat aposta per promoure campanyes d\u2019educaci\u00f3 i sensibilitzaci\u00f3 \u201cper a reduir estigmes pel VIH\u201d"},"content":{"rendered":"\n<h4 class=\"wp-block-heading\">Stephane Soriano ha participat en la I Trobada d\u2019Empreses Responsables amb el VIH a la Comunitat Valenciana<\/h4>\n\n\n\n<p class=\"wp-block-paragraph\">El director general de Diversitat, Stephane Soriano, ha destacat la import\u00e0ncia de promoure campanyes d\u2019educaci\u00f3 i sensibilitzaci\u00f3 \u201cper a reduir estigmes pel VIH\u201d i ha garantit el suport de la Vicepresid\u00e8ncia i Conselleria de Serveis Socials, Igualtat i Habitatge a les iniciatives encaminades a fer-ho, i a la seguretat i la prevenci\u00f3 dels m\u00e9s j\u00f3vens.<\/p>\n\n\n\n<p class=\"wp-block-paragraph\">Stephane Soriano ha participat en la I Trobada d\u2019Empreses Responsables amb el VIH a la Comunitat Valenciana, organitzada amb l\u2019objectiu de promoure la participaci\u00f3 activa i la involucraci\u00f3 del sector empresarial en la resposta al VIH a Espanya.<\/p>\n\n\n\n<p class=\"wp-block-paragraph\">El director general de Diversitat ha explicat que el que es pret\u00e9n amb esta trobada \u00e9s aconseguir un espai de treball generador d\u2019aliances en la resposta al VIH, \u201cdes d\u2019un enfocament en drets humans, no-discriminaci\u00f3 i igualtat\u201d.<\/p>\n\n\n\n<p class=\"wp-block-paragraph\">Aix\u00ed mateix, permet donar visibilitat a les bones pr\u00e0ctiques que des de l\u2019\u00e0mbit empresarial valenci\u00e0 ja s\u2019estan duent a terme per a reduir l\u2019estigma i la discriminaci\u00f3 de les persones amb VIH.<\/p>\n\n\n\n<p class=\"wp-block-paragraph\">A trav\u00e9s de la iniciativa \u2018Treballant en positiu\u2019 s\u2019insta les empreses a subscriure una declaraci\u00f3 volunt\u00e0ria en la qual manifesten el seu comprom\u00eds amb codis \u00e8tics que prohibixen la discriminaci\u00f3 cap a les persones afectades.<\/p>\n\n\n\n<p class=\"wp-block-paragraph\">Esta iniciativa representa una oportunitat perqu\u00e8 les empreses desenvolupen la seua pol\u00edtica de responsabilitat social corporativa en l\u2019\u00e0mbit de la gesti\u00f3 de la diversitat, la igualtat i la no-discriminaci\u00f3.<\/p>\n\n\n\n<p class=\"wp-block-paragraph\"><\/p>\n","protected":false},"excerpt":{"rendered":"<div class=\"mh-excerpt\">Stephane Soriano ha participat en la I Trobada d\u2019Empreses Responsables amb el VIH a la Comunitat Valenciana El director general de Diversitat, Stephane Soriano, ha destacat la import\u00e0ncia de promoure campanyes d\u2019educaci\u00f3 i sensibilitzaci\u00f3 \u201cper <a class=\"mh-excerpt-more\" href=\"https:\/\/tucomarca.whitekongsoftware.com\/ca\/el-director-general-de-diversitat-aposta-per-promoure-campanyes-deducacio-i-sensibilitzacio-per-a-reduir-estigmes-pel-vih\/\" title=\"El director general de Diversitat aposta per promoure campanyes d\u2019educaci\u00f3 i sensibilitzaci\u00f3 \u201cper a reduir estigmes pel VIH\u201d\">[+] <\/a><\/div>\n","protected":false},"author":12,"featured_media":199852,"comment_status":"open","ping_status":"open","sticky":false,"template":"","format":"standard","meta":{"footnotes":""},"categories":[10952,10892,11010,10898,10948,10894,10904,10947,10896],"tags":[19522,15135,19736,13969,19735],"class_list":["post-199853","post","type-post","status-publish","format-standard","has-post-thumbnail","category-benaguasil-ca","category-camp-de-turia-ca","category-canal-salud","category-ventana-ca","category-infraestructuras-ca","category-la-comarca-ca","category-sin-categorizar-ca","category-politica","category-seccion-ca","tag-director-general-de-diversidad-ca","tag-diversidad-ca","tag-empreses-responsables-vih","tag-stephane-soriano-ca","tag-vih-ca"],"_links":{"self":[{"href":"https:\/\/tucomarca.whitekongsoftware.com\/ca\/wp-json\/wp\/v2\/posts\/199853","targetHints":{"allow":["GET"]}}],"collection":[{"href":"https:\/\/tucomarca.whitekongsoftware.com\/ca\/wp-json\/wp\/v2\/posts"}],"about":[{"href":"https:\/\/tucomarca.whitekongsoftware.com\/ca\/wp-json\/wp\/v2\/types\/post"}],"author":[{"embeddable":true,"href":"https:\/\/tucomarca.whitekongsoftware.com\/ca\/wp-json\/wp\/v2\/users\/12"}],"replies":[{"embeddable":true,"href":"https:\/\/tucomarca.whitekongsoftware.com\/ca\/wp-json\/wp\/v2\/comments?post=199853"}],"version-history":[{"count":0,"href":"https:\/\/tucomarca.whitekongsoftware.com\/ca\/wp-json\/wp\/v2\/posts\/199853\/revisions"}],"wp:featuredmedia":[{"embeddable":true,"href":"https:\/\/tucomarca.whitekongsoftware.com\/ca\/wp-json\/wp\/v2\/media\/199852"}],"wp:attachment":[{"href":"https:\/\/tucomarca.whitekongsoftware.com\/ca\/wp-json\/wp\/v2\/media?parent=199853"}],"wp:term":[{"taxonomy":"category","embeddable":true,"href":"https:\/\/tucomarca.whitekongsoftware.com\/ca\/wp-json\/wp\/v2\/categories?post=199853"},{"taxonomy":"post_tag","embeddable":true,"href":"https:\/\/tucomarca.whitekongsoftware.com\/ca\/wp-json\/wp\/v2\/tags?post=199853"}],"curies":[{"name":"wp","href":"https:\/\/api.w.org\/{rel}","templated":true}]}}