{"id":199766,"date":"2023-10-04T08:00:00","date_gmt":"2023-10-04T06:00:00","guid":{"rendered":"https:\/\/www.tucomarca.com\/wordpress\/segunda\/?p=199766"},"modified":"2023-10-04T17:49:14","modified_gmt":"2023-10-04T15:49:14","slug":"setembre-deixa-una-mitjana-de-60-litres-daigua-de-pluja-a-requena-utiel","status":"publish","type":"post","link":"https:\/\/tucomarca.whitekongsoftware.com\/ca\/setembre-deixa-una-mitjana-de-60-litres-daigua-de-pluja-a-requena-utiel\/","title":{"rendered":"Setembre deixa una mitjana de 60 litres d&#8217;aigua de pluja a Requena-Utiel&nbsp;"},"content":{"rendered":"\n<p class=\"wp-block-paragraph\">El mes de setembre va ser pluj\u00f3s a la comarca Requena-Utiel; per\u00f2 no va mitigar, ni des de lluny, el gran d\u00e8ficit pluviom\u00e8tric acumulat des de l&#8217;inici d&#8217;enguany. Aquest fet ha provocat que les precipitacions hagen sigut absorbides r\u00e0pidament per una terra assedegada i per aquest motiu no hagen contribu\u00eft a recarregar els aq\u00fc\u00edfers.<br>La quantitat mitjana d&#8217;aigua de pluja recollida a la comarca se situa entorn dels 60 litres per metre quadrat i les majors quantitats s&#8217;han recollit en zones de l&#8217;est i del sud de la comarca. Segons dades de l&#8217;Associaci\u00f3 Valenciana de Meteorologia \u2013AVAMET\u2013 la quantitat m\u00e9s destacada es va recollir en la finca Sant Blas, situada en les proximitats de Requena, amb 86 litres per metre quadrat, seguida de la recollida en la pedania requenense del Rebollar, on es van recollir 85.6 litres. Informa, <strong>Luis Ib\u00e1\u00f1ez.<\/strong><\/p>\n\n\n\n<p class=\"wp-block-paragraph\"><\/p>\n","protected":false},"excerpt":{"rendered":"<div class=\"mh-excerpt\">El mes de setembre va ser pluj\u00f3s a la comarca Requena-Utiel; per\u00f2 no va mitigar, ni des de lluny, el gran d\u00e8ficit pluviom\u00e8tric acumulat des de l&#8217;inici d&#8217;enguany. Aquest fet ha provocat que les precipitacions <a class=\"mh-excerpt-more\" href=\"https:\/\/tucomarca.whitekongsoftware.com\/ca\/setembre-deixa-una-mitjana-de-60-litres-daigua-de-pluja-a-requena-utiel\/\" title=\"Setembre deixa una mitjana de 60 litres d&#8217;aigua de pluja a Requena-Utiel&nbsp;\">[+] <\/a><\/div>\n","protected":false},"author":12,"featured_media":199765,"comment_status":"open","ping_status":"open","sticky":false,"template":"","format":"standard","meta":{"footnotes":""},"categories":[10905,10894,10904,10903,10909,10896],"tags":[13436,10910],"class_list":["post-199766","post","type-post","status-publish","format-standard","has-post-thumbnail","category-agricultura-la-comarca-ca","category-la-comarca-ca","category-sin-categorizar-ca","category-medio-ambiente-la-comarca-ca","category-requena-utiel-ca","category-seccion-ca","tag-lluvia-ca","tag-requena-utiel-ca"],"_links":{"self":[{"href":"https:\/\/tucomarca.whitekongsoftware.com\/ca\/wp-json\/wp\/v2\/posts\/199766","targetHints":{"allow":["GET"]}}],"collection":[{"href":"https:\/\/tucomarca.whitekongsoftware.com\/ca\/wp-json\/wp\/v2\/posts"}],"about":[{"href":"https:\/\/tucomarca.whitekongsoftware.com\/ca\/wp-json\/wp\/v2\/types\/post"}],"author":[{"embeddable":true,"href":"https:\/\/tucomarca.whitekongsoftware.com\/ca\/wp-json\/wp\/v2\/users\/12"}],"replies":[{"embeddable":true,"href":"https:\/\/tucomarca.whitekongsoftware.com\/ca\/wp-json\/wp\/v2\/comments?post=199766"}],"version-history":[{"count":0,"href":"https:\/\/tucomarca.whitekongsoftware.com\/ca\/wp-json\/wp\/v2\/posts\/199766\/revisions"}],"wp:featuredmedia":[{"embeddable":true,"href":"https:\/\/tucomarca.whitekongsoftware.com\/ca\/wp-json\/wp\/v2\/media\/199765"}],"wp:attachment":[{"href":"https:\/\/tucomarca.whitekongsoftware.com\/ca\/wp-json\/wp\/v2\/media?parent=199766"}],"wp:term":[{"taxonomy":"category","embeddable":true,"href":"https:\/\/tucomarca.whitekongsoftware.com\/ca\/wp-json\/wp\/v2\/categories?post=199766"},{"taxonomy":"post_tag","embeddable":true,"href":"https:\/\/tucomarca.whitekongsoftware.com\/ca\/wp-json\/wp\/v2\/tags?post=199766"}],"curies":[{"name":"wp","href":"https:\/\/api.w.org\/{rel}","templated":true}]}}