{"id":199330,"date":"2023-10-02T12:00:00","date_gmt":"2023-10-02T10:00:00","guid":{"rendered":"https:\/\/www.tucomarca.com\/wordpress\/segunda\/?p=199330"},"modified":"2023-10-02T18:54:18","modified_gmt":"2023-10-02T16:54:18","slug":"lajuntament-de-xiva-treballa-ja-en-la-creacio-del-cataleg-de-parcs-infantils-del-terme-municipal","status":"publish","type":"post","link":"https:\/\/tucomarca.whitekongsoftware.com\/ca\/lajuntament-de-xiva-treballa-ja-en-la-creacio-del-cataleg-de-parcs-infantils-del-terme-municipal\/","title":{"rendered":"L&#8217;Ajuntament de Xiva treballa ja en la creaci\u00f3 del cat\u00e0leg de parcs infantils del terme municipal"},"content":{"rendered":"\n<p class=\"wp-block-paragraph\">Els 20 parcs infantils amb jocs infantils situats en el terme municipal de Xiva, estan sent ja catalogats valorant l&#8217;estat del seu mobiliari i les instal\u00b7lacions infantils actuals.<\/p>\n\n\n\n<p class=\"wp-block-paragraph\">Aquesta catalogaci\u00f3, el primer pas de la qual es va realitzar ahir per part de l&#8217;equip de govern municipal, suposa actuar sobre totes les instal\u00b7lacions d&#8217;aquestes caracter\u00edstiques del terme municipal (nucli urb\u00e0, disseminats i urbanitzacions) i \u00e9s el pas previ sobre el qual ha de realitzar-se un informe urgent d&#8217;actuaci\u00f3 i la posterior contractaci\u00f3 dels serveis necessaris per a l&#8217;adequaci\u00f3 d&#8217;aquestes superf\u00edcies.<\/p>\n\n\n\n<p class=\"wp-block-paragraph\">Les visites realitzades acompanyats de l&#8217;empresa responsable del manteniment, ha perm\u00e9s, con\u00e9ixer de primera m\u00e0, les importants defici\u00e8ncies que arrosseguen algunes de les instal\u00b7lacions, defici\u00e8ncies que has de ser esmenades amb car\u00e0cter urgent en un espai en el qual xiquets i adults conviuen di\u00e0riament.<\/p>\n","protected":false},"excerpt":{"rendered":"<div class=\"mh-excerpt\">Els 20 parcs infantils amb jocs infantils situats en el terme municipal de Xiva, estan sent ja catalogats valorant l&#8217;estat del seu mobiliari i les instal\u00b7lacions infantils actuals. Aquesta catalogaci\u00f3, el primer pas de la <a class=\"mh-excerpt-more\" href=\"https:\/\/tucomarca.whitekongsoftware.com\/ca\/lajuntament-de-xiva-treballa-ja-en-la-creacio-del-cataleg-de-parcs-infantils-del-terme-municipal\/\" title=\"L&#8217;Ajuntament de Xiva treballa ja en la creaci\u00f3 del cat\u00e0leg de parcs infantils del terme municipal\">[+] <\/a><\/div>\n","protected":false},"author":13,"featured_media":199326,"comment_status":"open","ping_status":"open","sticky":false,"template":"","format":"standard","meta":{"footnotes":""},"categories":[10948,10894,10912,10947,10896,10975],"tags":[11195,12903,10914],"class_list":["post-199330","post","type-post","status-publish","format-standard","has-post-thumbnail","category-infraestructuras-ca","category-la-comarca-ca","category-la-hoya-ca","category-politica","category-seccion-ca","category-chiva-ca","tag-chiva-ca","tag-infraestructuras-ca","tag-la-hoya-de-bunol-chiva-ca"],"_links":{"self":[{"href":"https:\/\/tucomarca.whitekongsoftware.com\/ca\/wp-json\/wp\/v2\/posts\/199330","targetHints":{"allow":["GET"]}}],"collection":[{"href":"https:\/\/tucomarca.whitekongsoftware.com\/ca\/wp-json\/wp\/v2\/posts"}],"about":[{"href":"https:\/\/tucomarca.whitekongsoftware.com\/ca\/wp-json\/wp\/v2\/types\/post"}],"author":[{"embeddable":true,"href":"https:\/\/tucomarca.whitekongsoftware.com\/ca\/wp-json\/wp\/v2\/users\/13"}],"replies":[{"embeddable":true,"href":"https:\/\/tucomarca.whitekongsoftware.com\/ca\/wp-json\/wp\/v2\/comments?post=199330"}],"version-history":[{"count":0,"href":"https:\/\/tucomarca.whitekongsoftware.com\/ca\/wp-json\/wp\/v2\/posts\/199330\/revisions"}],"wp:featuredmedia":[{"embeddable":true,"href":"https:\/\/tucomarca.whitekongsoftware.com\/ca\/wp-json\/wp\/v2\/media\/199326"}],"wp:attachment":[{"href":"https:\/\/tucomarca.whitekongsoftware.com\/ca\/wp-json\/wp\/v2\/media?parent=199330"}],"wp:term":[{"taxonomy":"category","embeddable":true,"href":"https:\/\/tucomarca.whitekongsoftware.com\/ca\/wp-json\/wp\/v2\/categories?post=199330"},{"taxonomy":"post_tag","embeddable":true,"href":"https:\/\/tucomarca.whitekongsoftware.com\/ca\/wp-json\/wp\/v2\/tags?post=199330"}],"curies":[{"name":"wp","href":"https:\/\/api.w.org\/{rel}","templated":true}]}}