{"id":199283,"date":"2023-10-01T14:00:00","date_gmt":"2023-10-01T12:00:00","guid":{"rendered":"https:\/\/www.tucomarca.com\/wordpress\/segunda\/?p=199283"},"modified":"2023-10-02T14:13:17","modified_gmt":"2023-10-02T12:13:17","slug":"lajuntament-de-xiva-busca-establir-una-collaboracio-estable-amb-la-politecnica-a-lentorn-de-les-excavacions-de-la-cova-del-sapo","status":"publish","type":"post","link":"https:\/\/tucomarca.whitekongsoftware.com\/ca\/lajuntament-de-xiva-busca-establir-una-collaboracio-estable-amb-la-politecnica-a-lentorn-de-les-excavacions-de-la-cova-del-sapo\/","title":{"rendered":"L&#8217;Ajuntament de Xiva busca establir una col\u00b7laboraci\u00f3 estable amb la Polit\u00e8cnica a l&#8217;entorn de les excavacions de la Cova del Sapo"},"content":{"rendered":"\n<p class=\"wp-block-paragraph\">L&#8217;equip de govern de l&#8217;Ajuntament de Xiva ha visitat les excavacions que la Universitat Polit\u00e8cnica de Val\u00e8ncia es troba realitzant a l&#8217;entorn de la Cova del Sapo.<\/p>\n\n\n\n<p class=\"wp-block-paragraph\">La Cova del Gripau, situada en la partida El Collado (tur\u00f3 de la Talaia) de Xiva a uns 500 metres sobre el nivell de la mar i suposa, despr\u00e9s d&#8217;analitzar els materials extrets, un important vestigi d&#8217;enterraments Ibers que permeten la seua qualificaci\u00f3 com a cova-santuari.<\/p>\n\n\n\n<p class=\"wp-block-paragraph\">Aquesta cova, forma part del ric patrimoni hist\u00f2ric situat en el terme municipal de Xiva que compta al costat d&#8217;aquesta excavaci\u00f3, amb nombrosos jaciments datats en diferents \u00e8poques. Des de l&#8217;actual equip de govern s&#8217;insisteix en la necessitat d&#8217;avan\u00e7ar donant forma a models de col\u00b7laboraci\u00f3 que permeten posar en valor el ric patrimoni arqueol\u00f2gic i tur\u00edstic del terme municipal, sent el treball realitzat per les dues universitats en aquest sentit, una excel\u00b7lent oportunitat sobre la qual comen\u00e7ar a generar l\u00ednies estables de col\u00b7laboraci\u00f3.<\/p>\n\n\n\n<p class=\"wp-block-paragraph\">Despr\u00e9s de con\u00e9ixer de primera m\u00e0 el treball realitzat pels investigadors sobre el terreny, l&#8217;ajuntament comen\u00e7a a perfilar un projecte que permeten donar suport als treballs cient\u00edfics al mateix temps que asseguren la possibilitat de poder exposar en el municipi els treballs i materials recuperats d&#8217;una cova que compten amb vestigis fins i tot datats en l&#8217;era del bronze.<\/p>\n\n\n\n<p class=\"wp-block-paragraph\">Per a l&#8217;equip de govern municipal, comptar amb una col\u00b7laboraci\u00f3 estable amb la Polit\u00e8cnica i la Universitat de Val\u00e8ncia, obri a m\u00e9s les portes a poder realitzar excavacions en espais amb alt valor arqueol\u00f2gic del municipi com s\u00f3n l&#8217;esgl\u00e9sia de San Miguel o l&#8217;emblem\u00e0tic espai del Castell de Xiva, recuperant, d&#8217;aquesta manera una part essencial de la hist\u00f2ria del municipi.<\/p>\n\n\n\n<p class=\"wp-block-paragraph\"><\/p>\n","protected":false},"excerpt":{"rendered":"<div class=\"mh-excerpt\">L&#8217;equip de govern de l&#8217;Ajuntament de Xiva ha visitat les excavacions que la Universitat Polit\u00e8cnica de Val\u00e8ncia es troba realitzant a l&#8217;entorn de la Cova del Sapo. La Cova del Gripau, situada en la partida <a class=\"mh-excerpt-more\" href=\"https:\/\/tucomarca.whitekongsoftware.com\/ca\/lajuntament-de-xiva-busca-establir-una-collaboracio-estable-amb-la-politecnica-a-lentorn-de-les-excavacions-de-la-cova-del-sapo\/\" title=\"L&#8217;Ajuntament de Xiva busca establir una col\u00b7laboraci\u00f3 estable amb la Polit\u00e8cnica a l&#8217;entorn de les excavacions de la Cova del Sapo\">[+] <\/a><\/div>\n","protected":false},"author":12,"featured_media":199282,"comment_status":"open","ping_status":"open","sticky":false,"template":"","format":"standard","meta":{"footnotes":""},"categories":[10948,10894,10912,10903,11007,10947,10896,10975],"tags":[11195,19711,10914,12693],"class_list":["post-199283","post","type-post","status-publish","format-standard","has-post-thumbnail","category-infraestructuras-ca","category-la-comarca-ca","category-la-hoya-ca","category-medio-ambiente-la-comarca-ca","category-ocio-y-cultura-ca","category-politica","category-seccion-ca","category-chiva-ca","tag-chiva-ca","tag-cueva-del-sapo-ca","tag-la-hoya-de-bunol-chiva-ca","tag-upv-ca"],"_links":{"self":[{"href":"https:\/\/tucomarca.whitekongsoftware.com\/ca\/wp-json\/wp\/v2\/posts\/199283","targetHints":{"allow":["GET"]}}],"collection":[{"href":"https:\/\/tucomarca.whitekongsoftware.com\/ca\/wp-json\/wp\/v2\/posts"}],"about":[{"href":"https:\/\/tucomarca.whitekongsoftware.com\/ca\/wp-json\/wp\/v2\/types\/post"}],"author":[{"embeddable":true,"href":"https:\/\/tucomarca.whitekongsoftware.com\/ca\/wp-json\/wp\/v2\/users\/12"}],"replies":[{"embeddable":true,"href":"https:\/\/tucomarca.whitekongsoftware.com\/ca\/wp-json\/wp\/v2\/comments?post=199283"}],"version-history":[{"count":0,"href":"https:\/\/tucomarca.whitekongsoftware.com\/ca\/wp-json\/wp\/v2\/posts\/199283\/revisions"}],"wp:featuredmedia":[{"embeddable":true,"href":"https:\/\/tucomarca.whitekongsoftware.com\/ca\/wp-json\/wp\/v2\/media\/199282"}],"wp:attachment":[{"href":"https:\/\/tucomarca.whitekongsoftware.com\/ca\/wp-json\/wp\/v2\/media?parent=199283"}],"wp:term":[{"taxonomy":"category","embeddable":true,"href":"https:\/\/tucomarca.whitekongsoftware.com\/ca\/wp-json\/wp\/v2\/categories?post=199283"},{"taxonomy":"post_tag","embeddable":true,"href":"https:\/\/tucomarca.whitekongsoftware.com\/ca\/wp-json\/wp\/v2\/tags?post=199283"}],"curies":[{"name":"wp","href":"https:\/\/api.w.org\/{rel}","templated":true}]}}