{"id":199144,"date":"2023-09-29T19:54:29","date_gmt":"2023-09-29T17:54:29","guid":{"rendered":"https:\/\/www.tucomarca.com\/wordpress\/segunda\/?p=199144"},"modified":"2023-09-29T19:56:57","modified_gmt":"2023-09-29T17:56:57","slug":"turis-festeja-aquest-cap-de-setmana-el-seu-patro-sant-fracesc-de-borja","status":"publish","type":"post","link":"https:\/\/tucomarca.whitekongsoftware.com\/ca\/turis-festeja-aquest-cap-de-setmana-el-seu-patro-sant-fracesc-de-borja\/","title":{"rendered":"Tur\u00eds festeja aquest cap de setmana el seu patr\u00f3, Sant Francesc de Borja"},"content":{"rendered":"\n<p class=\"wp-block-paragraph\">Tur\u00eds continua aquest cap de setmana amb les celebracions del seu patr\u00f3 i la festa dels Clavaris de Sant Francesc de Borja 2023.<\/p>\n\n\n\n<p class=\"wp-block-paragraph\">DISSABTE 30 DE SETEMBRE<\/p>\n\n\n\n<p class=\"wp-block-paragraph\">11:00H. Castells inflables per als m\u00e9s xicotets en la Pla\u00e7a Vicent Ribes<\/p>\n\n\n\n<p class=\"wp-block-paragraph\">13:00H. Volteig de campanes<\/p>\n\n\n\n<p class=\"wp-block-paragraph\">19:00H. Vespres en honor a Sant Francesc de Borja, despr\u00e9s xocolate i coca per a tot el poble.<\/p>\n\n\n\n<p class=\"wp-block-paragraph\">00:30H. Castillo a l&#8217;esplanada del camp de futbol a c\u00e0rrec de la Pirot\u00e8cnia Tur\u00eds.<\/p>\n\n\n\n<p class=\"wp-block-paragraph\">1:00H. Actuaci\u00f3 de l&#8217;Orquestra Montecarlo en la Pla\u00e7a Vicent Ribes, despr\u00e9s animaci\u00f3 i DJ.<\/p>\n\n\n\n<p class=\"wp-block-paragraph\">DIUMENGE 1 D&#8217;OCTUBRE<\/p>\n\n\n\n<p class=\"wp-block-paragraph\">9:30H. Cercavila pel poble amb la SOMUTU.<\/p>\n\n\n\n<p class=\"wp-block-paragraph\">12:00H. Solemne missa major en honor a Sant Francesc de Borja.<\/p>\n\n\n\n<p class=\"wp-block-paragraph\">14:00H. Mascelta a c\u00e0rrec de la Pirot\u00e8cnia Tur\u00eds en la pla\u00e7a Vicent Ribes<\/p>\n\n\n\n<p class=\"wp-block-paragraph\">19:30H. Solemne process\u00f3 amb la imatge del patr\u00f3, que finalitzar\u00e0 en l&#8217;ermita, on es proclamar\u00e0 als Clavaris de 2024. Posteriorment, castell de fi de festa.<\/p>\n\n\n\n<p class=\"wp-block-paragraph\"><\/p>\n","protected":false},"excerpt":{"rendered":"<div class=\"mh-excerpt\">Tur\u00eds continua aquest cap de setmana amb les celebracions del seu patr\u00f3 i la festa dels Clavaris de Sant Francesc de Borja 2023. DISSABTE 30 DE SETEMBRE 11:00H. Castells inflables per als m\u00e9s xicotets en <a class=\"mh-excerpt-more\" href=\"https:\/\/tucomarca.whitekongsoftware.com\/ca\/turis-festeja-aquest-cap-de-setmana-el-seu-patro-sant-fracesc-de-borja\/\" title=\"Tur\u00eds festeja aquest cap de setmana el seu patr\u00f3, Sant Francesc de Borja\">[+] <\/a><\/div>\n","protected":false},"author":12,"featured_media":199141,"comment_status":"open","ping_status":"open","sticky":false,"template":"","format":"standard","meta":{"footnotes":""},"categories":[11019,10894,10902,11007,10896,11047],"tags":[11356,11093],"class_list":["post-199144","post","type-post","status-publish","format-standard","has-post-thumbnail","category-agenda-ca","category-la-comarca-ca","category-la-ribera-ca","category-ocio-y-cultura-ca","category-seccion-ca","category-turis-ca","tag-ribera-alta-ca","tag-turis-ca"],"_links":{"self":[{"href":"https:\/\/tucomarca.whitekongsoftware.com\/ca\/wp-json\/wp\/v2\/posts\/199144","targetHints":{"allow":["GET"]}}],"collection":[{"href":"https:\/\/tucomarca.whitekongsoftware.com\/ca\/wp-json\/wp\/v2\/posts"}],"about":[{"href":"https:\/\/tucomarca.whitekongsoftware.com\/ca\/wp-json\/wp\/v2\/types\/post"}],"author":[{"embeddable":true,"href":"https:\/\/tucomarca.whitekongsoftware.com\/ca\/wp-json\/wp\/v2\/users\/12"}],"replies":[{"embeddable":true,"href":"https:\/\/tucomarca.whitekongsoftware.com\/ca\/wp-json\/wp\/v2\/comments?post=199144"}],"version-history":[{"count":0,"href":"https:\/\/tucomarca.whitekongsoftware.com\/ca\/wp-json\/wp\/v2\/posts\/199144\/revisions"}],"wp:featuredmedia":[{"embeddable":true,"href":"https:\/\/tucomarca.whitekongsoftware.com\/ca\/wp-json\/wp\/v2\/media\/199141"}],"wp:attachment":[{"href":"https:\/\/tucomarca.whitekongsoftware.com\/ca\/wp-json\/wp\/v2\/media?parent=199144"}],"wp:term":[{"taxonomy":"category","embeddable":true,"href":"https:\/\/tucomarca.whitekongsoftware.com\/ca\/wp-json\/wp\/v2\/categories?post=199144"},{"taxonomy":"post_tag","embeddable":true,"href":"https:\/\/tucomarca.whitekongsoftware.com\/ca\/wp-json\/wp\/v2\/tags?post=199144"}],"curies":[{"name":"wp","href":"https:\/\/api.w.org\/{rel}","templated":true}]}}