{"id":198788,"date":"2023-09-19T05:30:00","date_gmt":"2023-09-19T03:30:00","guid":{"rendered":"https:\/\/www.tucomarca.com\/wordpress\/segunda\/?p=198788"},"modified":"2023-09-19T11:20:32","modified_gmt":"2023-09-19T09:20:32","slug":"la-unio-demana-als-ajuntaments-del-camp-de-turia-afectats-per-la-tempesta-del-diumenge-que-solliciten-la-declaracio-com-a-zones-greument-afectades-per-una-emergencia-de-proteccio-civil","status":"publish","type":"post","link":"https:\/\/tucomarca.whitekongsoftware.com\/ca\/la-unio-demana-als-ajuntaments-del-camp-de-turia-afectats-per-la-tempesta-del-diumenge-que-solliciten-la-declaracio-com-a-zones-greument-afectades-per-una-emergencia-de-proteccio-civil\/","title":{"rendered":"La Uni\u00f3 demana als Ajuntaments del Camp de T\u00faria afectats per la tempesta del diumenge que sol\u00b7liciten la declaraci\u00f3 com a zones greument afectades per una emerg\u00e8ncia de protecci\u00f3 civil"},"content":{"rendered":"\n<p class=\"wp-block-paragraph\"><strong>En la comarca, LA UNI\u00d3 comptabilitza m\u00e9s de 13 milions d&#8217;euros en p\u00e8rdues per a un radi d&#8217;unes 7.000 hect\u00e0rees de cultiu<\/strong><\/p>\n\n\n\n<p class=\"wp-block-paragraph\"><strong><strong>Es poden adoptar ajudes per danys en produccions agr\u00edcoles, ramaderes i forestals, a m\u00e9s de mesures fiscals, laborals i de Seguretat Social<\/strong><\/strong><\/p>\n\n\n\n<p class=\"wp-block-paragraph\">La Uni\u00f3 Llauradora ha sol\u00b7licitat als Ajuntaments de la comarca del Camp de T\u00faria afectats per les tempestes del passat diumenge 17 de setembre que inicien els tr\u00e0mits corresponents per a sol\u00b7licitar que els seus termes municipals siguen declarats com a \u201czona afectada greument per una emerg\u00e8ncia de protecci\u00f3 civil\u201d, a fi de poder beneficiar-se de les mesures i ajudes que contempla aquesta situaci\u00f3 per a compensar les rendes de les persones llauradores afectades.<\/p>\n\n\n\n<p class=\"wp-block-paragraph\">La Llei 17\/2015 del Sistema Nacional de Protecci\u00f3 Civil estableix el procediment de declaraci\u00f3 de zona afectada greument per una emerg\u00e8ncia de protecci\u00f3 civil, una cosa que, en qualsevol cas, ho ha de declarar el Consell de Ministres, a proposta dels Ministeris competents o concernents, a pesar que inicialment la declaraci\u00f3 pot ser sol\u00b7licitada per les administracions p\u00fabliques interessades, com poden ser les administracions locals.<\/p>\n\n\n\n<p class=\"wp-block-paragraph\">Entre altres, es poden adoptar ajudes per danys en produccions agr\u00edcoles, ramaderes i forestals, a m\u00e9s de mesures fiscals, laborals i de Seguretat Social que es deriven dels danys produ\u00efts a persones o materials derivats d&#8217;un sinistre que pertorbe greument les condicions de vida de la poblaci\u00f3 en una \u00e0rea geogr\u00e0fica determinada.<\/p>\n\n\n\n<p class=\"wp-block-paragraph\">Les tempestes de la vesprada del passat diumenge, acompanyades de pluja, pedra i, en alguns casos tamb\u00e9 vent huracanat, van afectar al Camp de T\u00faria amb un radi de m\u00e9s de m\u00e9s de 7.026 hect\u00e0rees de cultiu i unes p\u00e8rdues estimades en una primera avaluaci\u00f3 d&#8217;urg\u00e8ncia de m\u00e9s de 13 milions d&#8217;euros, segons les primeres estimacions de LA UNI\u00d3. El principal cultiu afectat van ser els c\u00edtrics, seguit de caquis, hortalisses, olivar i ametler.<\/p>\n\n\n\n<p class=\"wp-block-paragraph\">Una de les conseq\u00fc\u00e8ncies principals d&#8217;aquestes tempestes ha sigut que les collites previstes en la major part de cultius ja estaven minvades pels efectes de la meteorologia adversa dels \u00faltims mesos i ara encara ho estaran m\u00e9s amb els d&#8217;aquesta. A les p\u00e8rdues directes en cultius cal sumar tamb\u00e9 les de les produccions dels pr\u00f2xims anys per danys en fusta, els danys en infraestructures afectades per forts vents, arrossegament de terres per les pluges, caiguda d&#8217;arbres, a m\u00e9s dels danys de reparaci\u00f3 (tant en fungicides com en m\u00e0 d&#8217;obra).<\/p>\n\n\n\n<p class=\"wp-block-paragraph\">Els percentatges de danys han sigut molt variables dins de la comarca del Camp de T\u00faria, on hi ha zones de les localitats de La Pobla de Vallbona, Benaguasil, Ll\u00edria o B\u00e9tera que seran del 100%, afectant no sols la collita d&#8217;enguany sin\u00f3 que la fusta est\u00e0 tamb\u00e9 molt afectada i fins i tot arrancada per la qual cosa els danys s&#8217;allargaran durant alguns anys. Per\u00f2 a part d&#8217;aquestes poblacions on es concentren els principals danys, existeixen altres termes municipals de la comarca que tamb\u00e9 s&#8217;han vist afectats per aquest temporal d&#8217;aigua, pedra i vent.<\/p>\n\n\n\n<figure class=\"wp-block-gallery has-nested-images columns-default is-cropped wp-block-gallery-1 is-layout-flex wp-block-gallery-is-layout-flex\">\n<figure class=\"wp-block-image size-large\"><img loading=\"lazy\" decoding=\"async\" width=\"768\" height=\"1024\" data-id=\"198783\" src=\"https:\/\/www.tucomarca.com\/wordpress\/segunda\/wp-content\/uploads\/2023\/09\/Danys-Camp-Turia-1-768x1024.jpeg\" alt=\"\" class=\"wp-image-198783\" srcset=\"https:\/\/tucomarca.whitekongsoftware.com\/wp-content\/uploads\/2023\/09\/Danys-Camp-Turia-1-768x1024.jpeg 768w, https:\/\/tucomarca.whitekongsoftware.com\/wp-content\/uploads\/2023\/09\/Danys-Camp-Turia-1-225x300.jpeg 225w, https:\/\/tucomarca.whitekongsoftware.com\/wp-content\/uploads\/2023\/09\/Danys-Camp-Turia-1-1152x1536.jpeg 1152w, https:\/\/tucomarca.whitekongsoftware.com\/wp-content\/uploads\/2023\/09\/Danys-Camp-Turia-1.jpeg 1200w\" sizes=\"auto, (max-width: 768px) 100vw, 768px\" \/><\/figure>\n\n\n\n<figure class=\"wp-block-image size-large\"><img loading=\"lazy\" decoding=\"async\" width=\"768\" height=\"1024\" data-id=\"198785\" src=\"https:\/\/www.tucomarca.com\/wordpress\/segunda\/wp-content\/uploads\/2023\/09\/Danys-Camp-Turia-2-768x1024.jpeg\" alt=\"\" class=\"wp-image-198785\" srcset=\"https:\/\/tucomarca.whitekongsoftware.com\/wp-content\/uploads\/2023\/09\/Danys-Camp-Turia-2-768x1024.jpeg 768w, https:\/\/tucomarca.whitekongsoftware.com\/wp-content\/uploads\/2023\/09\/Danys-Camp-Turia-2-225x300.jpeg 225w, https:\/\/tucomarca.whitekongsoftware.com\/wp-content\/uploads\/2023\/09\/Danys-Camp-Turia-2-1152x1536.jpeg 1152w, https:\/\/tucomarca.whitekongsoftware.com\/wp-content\/uploads\/2023\/09\/Danys-Camp-Turia-2.jpeg 1200w\" sizes=\"auto, (max-width: 768px) 100vw, 768px\" \/><\/figure>\n<\/figure>\n","protected":false},"excerpt":{"rendered":"<div class=\"mh-excerpt\">En la comarca, LA UNI\u00d3 comptabilitza m\u00e9s de 13 milions d&#8217;euros en p\u00e8rdues per a un radi d&#8217;unes 7.000 hect\u00e0rees de cultiu Es poden adoptar ajudes per danys en produccions agr\u00edcoles, ramaderes i forestals, a <a class=\"mh-excerpt-more\" href=\"https:\/\/tucomarca.whitekongsoftware.com\/ca\/la-unio-demana-als-ajuntaments-del-camp-de-turia-afectats-per-la-tempesta-del-diumenge-que-solliciten-la-declaracio-com-a-zones-greument-afectades-per-una-emergencia-de-proteccio-civil\/\" title=\"La Uni\u00f3 demana als Ajuntaments del Camp de T\u00faria afectats per la tempesta del diumenge que sol\u00b7liciten la declaraci\u00f3 com a zones greument afectades per una emerg\u00e8ncia de protecci\u00f3 civil\">[+] <\/a><\/div>\n","protected":false},"author":13,"featured_media":198782,"comment_status":"open","ping_status":"open","sticky":false,"template":"","format":"standard","meta":{"footnotes":""},"categories":[10905,10952,10937,10892,10898,10948,10894,10915,10928,10903,10896,10897],"tags":[11309,11136,11202,10899,10949,11070],"class_list":["post-198788","post","type-post","status-publish","format-standard","has-post-thumbnail","category-agricultura-la-comarca-ca","category-benaguasil-ca","category-betera-ca","category-camp-de-turia-ca","category-ventana-ca","category-infraestructuras-ca","category-la-comarca-ca","category-la-pobla-ca","category-lliria-ca","category-medio-ambiente-la-comarca-ca","category-seccion-ca","category-sucesos-la-comarca-ca","tag-agricultura-ca","tag-benaguasil-ca","tag-betera-ca","tag-camp-de-turia-ca","tag-la-pobla-ca","tag-lliria-ca"],"_links":{"self":[{"href":"https:\/\/tucomarca.whitekongsoftware.com\/ca\/wp-json\/wp\/v2\/posts\/198788","targetHints":{"allow":["GET"]}}],"collection":[{"href":"https:\/\/tucomarca.whitekongsoftware.com\/ca\/wp-json\/wp\/v2\/posts"}],"about":[{"href":"https:\/\/tucomarca.whitekongsoftware.com\/ca\/wp-json\/wp\/v2\/types\/post"}],"author":[{"embeddable":true,"href":"https:\/\/tucomarca.whitekongsoftware.com\/ca\/wp-json\/wp\/v2\/users\/13"}],"replies":[{"embeddable":true,"href":"https:\/\/tucomarca.whitekongsoftware.com\/ca\/wp-json\/wp\/v2\/comments?post=198788"}],"version-history":[{"count":0,"href":"https:\/\/tucomarca.whitekongsoftware.com\/ca\/wp-json\/wp\/v2\/posts\/198788\/revisions"}],"wp:featuredmedia":[{"embeddable":true,"href":"https:\/\/tucomarca.whitekongsoftware.com\/ca\/wp-json\/wp\/v2\/media\/198782"}],"wp:attachment":[{"href":"https:\/\/tucomarca.whitekongsoftware.com\/ca\/wp-json\/wp\/v2\/media?parent=198788"}],"wp:term":[{"taxonomy":"category","embeddable":true,"href":"https:\/\/tucomarca.whitekongsoftware.com\/ca\/wp-json\/wp\/v2\/categories?post=198788"},{"taxonomy":"post_tag","embeddable":true,"href":"https:\/\/tucomarca.whitekongsoftware.com\/ca\/wp-json\/wp\/v2\/tags?post=198788"}],"curies":[{"name":"wp","href":"https:\/\/api.w.org\/{rel}","templated":true}]}}