{"id":198739,"date":"2023-09-21T06:00:00","date_gmt":"2023-09-21T04:00:00","guid":{"rendered":"https:\/\/www.tucomarca.com\/wordpress\/segunda\/?p=198739"},"modified":"2023-09-18T21:07:09","modified_gmt":"2023-09-18T19:07:09","slug":"millars-celebra-aquest-dissabte-la-seua-v-fira-de-gastronomia-dinterior","status":"publish","type":"post","link":"https:\/\/tucomarca.whitekongsoftware.com\/ca\/millars-celebra-aquest-dissabte-la-seua-v-fira-de-gastronomia-dinterior\/","title":{"rendered":"Millars celebra aquest dissabte la seua V Fira de Gastronomia d&#8217;Interior"},"content":{"rendered":"\n<p class=\"wp-block-paragraph\">La V Fira de Gastronomia d&#8217;Interior se celebra aquest dissabte, 23 de setembre, en la Pla\u00e7a Major de Millars, a partir de les 11,30 del mat\u00ed.<\/p>\n\n\n\n<p class=\"wp-block-paragraph\">Aquesta cinquena fira se celebra amb l&#8217;objectiu d&#8217;atraure el turisme i proporcionar el gaudi dels ve\u00efns de Millars i visitants, esdeveniment que \u00e9s una finestra oberta a la promoci\u00f3 dels productes tradicionals i artesanals de la localitat com els dol\u00e7os del Forn Filiberto i embotits de la Carnisseria Mari.<\/p>\n\n\n\n<p class=\"wp-block-paragraph\">Aquesta jornada gastron\u00f2mica organitzada per l&#8217;Ajuntament de Millars est\u00e0 patrocinada per la Val\u00e8ncia Turisme, amb la col\u00b7laboraci\u00f3 dels comer\u00e7os locals de l&#8217;Associaci\u00f3 de Mestresses de casa de Millars.<\/p>\n","protected":false},"excerpt":{"rendered":"<div class=\"mh-excerpt\">La V Fira de Gastronomia d&#8217;Interior se celebra aquest dissabte, 23 de setembre, en la Pla\u00e7a Major de Millars, a partir de les 11,30 del mat\u00ed. Aquesta cinquena fira se celebra amb l&#8217;objectiu d&#8217;atraure el <a class=\"mh-excerpt-more\" href=\"https:\/\/tucomarca.whitekongsoftware.com\/ca\/millars-celebra-aquest-dissabte-la-seua-v-fira-de-gastronomia-dinterior\/\" title=\"Millars celebra aquest dissabte la seua V Fira de Gastronomia d&#8217;Interior\">[+] <\/a><\/div>\n","protected":false},"author":12,"featured_media":198738,"comment_status":"open","ping_status":"open","sticky":false,"template":"","format":"standard","meta":{"footnotes":""},"categories":[11019,10898,10963,10894,10970,11007,10896],"tags":[11094,11186,19667],"class_list":["post-198739","post","type-post","status-publish","format-standard","has-post-thumbnail","category-agenda-ca","category-ventana-ca","category-la-canal-de-navarres-ca","category-la-comarca-ca","category-millares-ca","category-ocio-y-cultura-ca","category-seccion-ca","tag-la-canal-de-navarres","tag-millares-ca","tag-v-feria-de-gastronomia-de-interior-ca"],"_links":{"self":[{"href":"https:\/\/tucomarca.whitekongsoftware.com\/ca\/wp-json\/wp\/v2\/posts\/198739","targetHints":{"allow":["GET"]}}],"collection":[{"href":"https:\/\/tucomarca.whitekongsoftware.com\/ca\/wp-json\/wp\/v2\/posts"}],"about":[{"href":"https:\/\/tucomarca.whitekongsoftware.com\/ca\/wp-json\/wp\/v2\/types\/post"}],"author":[{"embeddable":true,"href":"https:\/\/tucomarca.whitekongsoftware.com\/ca\/wp-json\/wp\/v2\/users\/12"}],"replies":[{"embeddable":true,"href":"https:\/\/tucomarca.whitekongsoftware.com\/ca\/wp-json\/wp\/v2\/comments?post=198739"}],"version-history":[{"count":0,"href":"https:\/\/tucomarca.whitekongsoftware.com\/ca\/wp-json\/wp\/v2\/posts\/198739\/revisions"}],"wp:featuredmedia":[{"embeddable":true,"href":"https:\/\/tucomarca.whitekongsoftware.com\/ca\/wp-json\/wp\/v2\/media\/198738"}],"wp:attachment":[{"href":"https:\/\/tucomarca.whitekongsoftware.com\/ca\/wp-json\/wp\/v2\/media?parent=198739"}],"wp:term":[{"taxonomy":"category","embeddable":true,"href":"https:\/\/tucomarca.whitekongsoftware.com\/ca\/wp-json\/wp\/v2\/categories?post=198739"},{"taxonomy":"post_tag","embeddable":true,"href":"https:\/\/tucomarca.whitekongsoftware.com\/ca\/wp-json\/wp\/v2\/tags?post=198739"}],"curies":[{"name":"wp","href":"https:\/\/api.w.org\/{rel}","templated":true}]}}