{"id":198707,"date":"2023-09-19T06:30:00","date_gmt":"2023-09-19T04:30:00","guid":{"rendered":"https:\/\/www.tucomarca.com\/wordpress\/segunda\/?p=198707"},"modified":"2023-09-18T20:54:46","modified_gmt":"2023-09-18T18:54:46","slug":"requena-suneix-a-la-commemoracio-del-dia-mundial-de-lalzheimer","status":"publish","type":"post","link":"https:\/\/tucomarca.whitekongsoftware.com\/ca\/requena-suneix-a-la-commemoracio-del-dia-mundial-de-lalzheimer\/","title":{"rendered":"Requena s&#8217;uneix a la commemoraci\u00f3 del Dia Mundial de l&#8217;Alzheimer"},"content":{"rendered":"\n<p class=\"wp-block-paragraph\">El pr\u00f2xim 21 de setembre, la comunitat de Requena s&#8217;unir\u00e0 a nivell global en la commemoraci\u00f3 del Dia Mundial de l&#8217;Alzheimer. En aquest dia de conscienciaci\u00f3 i solidaritat, la Regidoria de Majors dur\u00e0 a terme un esdeveniment especial a les portes de l&#8217;Ajuntament a les 11 del mat\u00ed.<\/p>\n\n\n\n<p class=\"wp-block-paragraph\">En aquesta concentraci\u00f3 es llegir\u00e0 el manifest en honor a les persones afectades per aquesta malaltia neurodegenerativa i les seues fam\u00edlies. L&#8217;acte t\u00e9 com a objectiu sensibilitzar a la comunitat sobre l&#8217;Alzheimer, ressaltar la import\u00e0ncia de la investigaci\u00f3 i brindar suport a aquells que lluiten contra aquesta malaltia.<\/p>\n\n\n\n<p class=\"wp-block-paragraph\">L&#8217;Alzheimer \u00e9s una condici\u00f3 que afecta milions de persones a tot el m\u00f3n i t\u00e9 un impacte significatiu en les fam\u00edlies i cuidadors. A trav\u00e9s de la commemoraci\u00f3 del Dia Mundial de l&#8217;Alzheimer, Requena se suma a la causa global per a augmentar la consci\u00e8ncia sobre aquesta malaltia i promoure la solidaritat en la lluita contra ella.<\/p>\n\n\n\n<p class=\"wp-block-paragraph\">Des de l&#8217;Ajuntament conviden a tots els residents de Requena a \u201cunir-se a nosaltres en aquest esdeveniment el 21 de setembre a les 11 del mat\u00ed enfront de l&#8217;Ajuntament. Junts, podem fer la difer\u00e8ncia en la vida d&#8217;aquells que enfronten l&#8217;Alzheimer i avan\u00e7ar cap a un futur en el qual aquesta malaltia siga millor compresa i tractada\u201d.<\/p>\n","protected":false},"excerpt":{"rendered":"<div class=\"mh-excerpt\">El pr\u00f2xim 21 de setembre, la comunitat de Requena s&#8217;unir\u00e0 a nivell global en la commemoraci\u00f3 del Dia Mundial de l&#8217;Alzheimer. En aquest dia de conscienciaci\u00f3 i solidaritat, la Regidoria de Majors dur\u00e0 a terme <a class=\"mh-excerpt-more\" href=\"https:\/\/tucomarca.whitekongsoftware.com\/ca\/requena-suneix-a-la-commemoracio-del-dia-mundial-de-lalzheimer\/\" title=\"Requena s&#8217;uneix a la commemoraci\u00f3 del Dia Mundial de l&#8217;Alzheimer\">[+] <\/a><\/div>\n","protected":false},"author":13,"featured_media":96302,"comment_status":"open","ping_status":"open","sticky":false,"template":"","format":"standard","meta":{"footnotes":""},"categories":[11019,11010,10948,10894,10908,10909,10896],"tags":[19682,11099,10910,19683],"class_list":["post-198707","post","type-post","status-publish","format-standard","has-post-thumbnail","category-agenda-ca","category-canal-salud","category-infraestructuras-ca","category-la-comarca-ca","category-requena-ca","category-requena-utiel-ca","category-seccion-ca","tag-inclusion-ca","tag-requena-ca","tag-requena-utiel-ca","tag-tercera-edad-ca"],"_links":{"self":[{"href":"https:\/\/tucomarca.whitekongsoftware.com\/ca\/wp-json\/wp\/v2\/posts\/198707","targetHints":{"allow":["GET"]}}],"collection":[{"href":"https:\/\/tucomarca.whitekongsoftware.com\/ca\/wp-json\/wp\/v2\/posts"}],"about":[{"href":"https:\/\/tucomarca.whitekongsoftware.com\/ca\/wp-json\/wp\/v2\/types\/post"}],"author":[{"embeddable":true,"href":"https:\/\/tucomarca.whitekongsoftware.com\/ca\/wp-json\/wp\/v2\/users\/13"}],"replies":[{"embeddable":true,"href":"https:\/\/tucomarca.whitekongsoftware.com\/ca\/wp-json\/wp\/v2\/comments?post=198707"}],"version-history":[{"count":0,"href":"https:\/\/tucomarca.whitekongsoftware.com\/ca\/wp-json\/wp\/v2\/posts\/198707\/revisions"}],"wp:featuredmedia":[{"embeddable":true,"href":"https:\/\/tucomarca.whitekongsoftware.com\/ca\/wp-json\/wp\/v2\/media\/96302"}],"wp:attachment":[{"href":"https:\/\/tucomarca.whitekongsoftware.com\/ca\/wp-json\/wp\/v2\/media?parent=198707"}],"wp:term":[{"taxonomy":"category","embeddable":true,"href":"https:\/\/tucomarca.whitekongsoftware.com\/ca\/wp-json\/wp\/v2\/categories?post=198707"},{"taxonomy":"post_tag","embeddable":true,"href":"https:\/\/tucomarca.whitekongsoftware.com\/ca\/wp-json\/wp\/v2\/tags?post=198707"}],"curies":[{"name":"wp","href":"https:\/\/api.w.org\/{rel}","templated":true}]}}