{"id":198683,"date":"2023-09-18T18:00:00","date_gmt":"2023-09-18T16:00:00","guid":{"rendered":"https:\/\/www.tucomarca.com\/wordpress\/segunda\/?p=198683"},"modified":"2023-09-18T20:18:46","modified_gmt":"2023-09-18T18:18:46","slug":"el-conseller-dagricultura-secretari-autonomic-i-la-directora-general-dagricultura-visiten-requena-despres-de-la-tempesta-del-dia-dahir","status":"publish","type":"post","link":"https:\/\/tucomarca.whitekongsoftware.com\/ca\/el-conseller-dagricultura-secretari-autonomic-i-la-directora-general-dagricultura-visiten-requena-despres-de-la-tempesta-del-dia-dahir\/","title":{"rendered":"El conseller d&#8217;agricultura, secretari auton\u00f2mic i la directora general d&#8217;agricultura visiten Requena despr\u00e9s de la tempesta del dia d&#8217;ahir"},"content":{"rendered":"\n<p class=\"wp-block-paragraph\">En el mat\u00ed de hui, l&#8217;Ajuntament de Requena va rebre la visita il\u00b7lustre del Conseller d&#8217;Agricultura, acompanyat pel Secretari Auton\u00f2mic i la Directora d&#8217;Agricultura. El motiu de la seua visita va ser l&#8217;avaluaci\u00f3 dels estralls causats per la calamarsa durant la vesprada anterior.<\/p>\n\n\n\n<p class=\"wp-block-paragraph\">Totes dues entitats, \u201ctant l&#8217;Ajuntament com la Conselleria, han iniciat els primers passos per a treballar conjuntament en la recuperaci\u00f3 de les infraestructures afectades per la tempesta. La r\u00e0pida resposta de la Conselleria ha sigut fonamental, i l&#8217;Alcaldessa de Requena, Roc\u00edo Cort\u00e9s, va expressar el seu agra\u00efment pel comprom\u00eds demostrat cap a la ciutat\u201d afirmen des del consistori.<\/p>\n\n\n\n<p class=\"wp-block-paragraph\">\u00c9s important destacar que \u201c la tempesta d&#8217;ahir es va concentrar en una zona espec\u00edfica i no va afectar la resta del terme municipal. Mentre es treballa en la recuperaci\u00f3, la verema en altres \u00e0rees segueix el seu curs i es mant\u00e9 l&#8217;alta qualitat de les collites\u201d han matisat les fonts.<\/p>\n","protected":false},"excerpt":{"rendered":"<div class=\"mh-excerpt\">En el mat\u00ed de hui, l&#8217;Ajuntament de Requena va rebre la visita il\u00b7lustre del Conseller d&#8217;Agricultura, acompanyat pel Secretari Auton\u00f2mic i la Directora d&#8217;Agricultura. El motiu de la seua visita va ser l&#8217;avaluaci\u00f3 dels estralls <a class=\"mh-excerpt-more\" href=\"https:\/\/tucomarca.whitekongsoftware.com\/ca\/el-conseller-dagricultura-secretari-autonomic-i-la-directora-general-dagricultura-visiten-requena-despres-de-la-tempesta-del-dia-dahir\/\" title=\"El conseller d&#8217;agricultura, secretari auton\u00f2mic i la directora general d&#8217;agricultura visiten Requena despr\u00e9s de la tempesta del dia d&#8217;ahir\">[+] <\/a><\/div>\n","protected":false},"author":13,"featured_media":198678,"comment_status":"open","ping_status":"open","sticky":false,"template":"","format":"standard","meta":{"footnotes":""},"categories":[10905,10898,10948,10894,10904,10903,10947,10908,10909,10896],"tags":[11309,11099,10910],"class_list":["post-198683","post","type-post","status-publish","format-standard","has-post-thumbnail","category-agricultura-la-comarca-ca","category-ventana-ca","category-infraestructuras-ca","category-la-comarca-ca","category-sin-categorizar-ca","category-medio-ambiente-la-comarca-ca","category-politica","category-requena-ca","category-requena-utiel-ca","category-seccion-ca","tag-agricultura-ca","tag-requena-ca","tag-requena-utiel-ca"],"_links":{"self":[{"href":"https:\/\/tucomarca.whitekongsoftware.com\/ca\/wp-json\/wp\/v2\/posts\/198683","targetHints":{"allow":["GET"]}}],"collection":[{"href":"https:\/\/tucomarca.whitekongsoftware.com\/ca\/wp-json\/wp\/v2\/posts"}],"about":[{"href":"https:\/\/tucomarca.whitekongsoftware.com\/ca\/wp-json\/wp\/v2\/types\/post"}],"author":[{"embeddable":true,"href":"https:\/\/tucomarca.whitekongsoftware.com\/ca\/wp-json\/wp\/v2\/users\/13"}],"replies":[{"embeddable":true,"href":"https:\/\/tucomarca.whitekongsoftware.com\/ca\/wp-json\/wp\/v2\/comments?post=198683"}],"version-history":[{"count":0,"href":"https:\/\/tucomarca.whitekongsoftware.com\/ca\/wp-json\/wp\/v2\/posts\/198683\/revisions"}],"wp:featuredmedia":[{"embeddable":true,"href":"https:\/\/tucomarca.whitekongsoftware.com\/ca\/wp-json\/wp\/v2\/media\/198678"}],"wp:attachment":[{"href":"https:\/\/tucomarca.whitekongsoftware.com\/ca\/wp-json\/wp\/v2\/media?parent=198683"}],"wp:term":[{"taxonomy":"category","embeddable":true,"href":"https:\/\/tucomarca.whitekongsoftware.com\/ca\/wp-json\/wp\/v2\/categories?post=198683"},{"taxonomy":"post_tag","embeddable":true,"href":"https:\/\/tucomarca.whitekongsoftware.com\/ca\/wp-json\/wp\/v2\/tags?post=198683"}],"curies":[{"name":"wp","href":"https:\/\/api.w.org\/{rel}","templated":true}]}}