{"id":198629,"date":"2023-09-18T08:45:00","date_gmt":"2023-09-18T06:45:00","guid":{"rendered":"https:\/\/www.tucomarca.com\/wordpress\/segunda\/?p=198629"},"modified":"2023-09-18T16:57:46","modified_gmt":"2023-09-18T14:57:46","slug":"la-pedra-causa-40-milions-de-perdues-en-mes-de-15-000-hectarees-de-cultius","status":"publish","type":"post","link":"https:\/\/tucomarca.whitekongsoftware.com\/ca\/la-pedra-causa-40-milions-de-perdues-en-mes-de-15-000-hectarees-de-cultius\/","title":{"rendered":"La pedra causa 40 milions de p\u00e8rdues en m\u00e9s de 15.000 hect\u00e0rees de cultius"},"content":{"rendered":"\n<p class=\"wp-block-paragraph\"><strong>AVA-ASAJA sol\u00b7licita a les administracions mesurades fiscals per a alleujar les p\u00e8rdues en ra\u00efm, c\u00edtrics, caquis, alvocats, ametles, olivar, arr\u00f2s i carxofes<\/strong><\/p>\n\n\n\n<p class=\"wp-block-paragraph\">La tempesta de pedra que ahir va descarregar en diverses comarques de Val\u00e8ncia i Castell\u00f3 va causar devastadores destrosses en els cultius, alguns dels quals estaven a les portes de la seua recol\u00b7lecci\u00f3. Segons una primera estimaci\u00f3 d&#8217;urg\u00e8ncia avan\u00e7ada per l&#8217;Associaci\u00f3 Valenciana d&#8217;Agricultors (AVA-ASAJA), el temporal va provocar 40 milions de p\u00e8rdues despr\u00e9s de castigar, amb afeccions de fins al 100% de la collita, m\u00e9s de 15.000 hect\u00e0rees de vinyes, c\u00edtrics, caquis, alvocats, ametlers, olivar, arr\u00f2s i hortalisses com a carxofes.<\/p>\n\n\n\n<p class=\"wp-block-paragraph\">Una catifa de pedres d&#8217;uns quatre cent\u00edmetres de gruix va colpejar 8.000 hect\u00e0rees de vinyes, principalment, a la comarca d&#8217;Utiel-Requena, ocasionant unes p\u00e8rdues superiors als 12 milions d&#8217;euros. Al llarg d&#8217;una franja d&#8217;uns 40 quil\u00f2metres, entre la pedania de Requena del Rebollar i Villatoya (a la frontera amb Castella-la Manxa), centenars de viticultors van perdre fins a la totalitat de la seua producci\u00f3 de ra\u00efm en plena \u00e8poca de verema. A m\u00e9s, la pedra va arribar a causar danys severs en els ceps, la qual cosa podria donar lloc a problemes en la poda i en la producci\u00f3 de la seg\u00fcent temporada. AVA-ASAJA preveu que la collita en aquesta comarca&nbsp;\u2013la principal zona productora de ra\u00efm en la Comunitat Valenciana\u2013&nbsp;patir\u00e0 un minvament superior al 60% respecte a la mitjana dels \u00faltims anys a causa de, entre altres adversitats clim\u00e0tiques, les successives tempestes de pedra.<\/p>\n\n\n\n<p class=\"wp-block-paragraph\">El temporal tamb\u00e9 va colpejar amb for\u00e7a al Camp de T\u00faria, sobretot en els termes de Benaguasil i la Pobla de Vallbona, aix\u00ed com a Ll\u00edria, Benissan\u00f3, Vilamarxant, B\u00e9tera, Olocau i N\u00e0quera. En aquesta zona la superf\u00edcie agr\u00e0ria danyada va ascendir a 6.000 hect\u00e0rees, sent els cultius predominants els c\u00edtrics, caquis i hortalisses. Les p\u00e8rdues estimades superen els 25 milions, tant per les p\u00e8rdues directes de collites davant l&#8217;inici de la recol\u00b7lecci\u00f3 de c\u00edtrics i caquis, com per la defoliaci\u00f3 i els danys en fusta que suposaran minvaments en la pr\u00f2xima campanya. En parcel\u00b7les de carxofes, que es trobaven en per\u00edode de brotada, nom\u00e9s ha quedat l&#8217;estaca.<\/p>\n\n\n\n<p class=\"wp-block-paragraph\">AVA-ASAJA tamb\u00e9 constata altres comarques de Val\u00e8ncia i Castell\u00f3 amb algunes \u00e0rees afectades, en menor mesura, per aquest \u00faltim temporal de calamarsa, com ara el Camp de Morvedre, la Plana Baixa (que la setmana passada ja va patir una DANA amb conseq\u00fc\u00e8ncies negatives) i la Ribera. Aquestes zones abasten una superf\u00edcie d&#8217;un miler d&#8217;hect\u00e0rees afectades, especialment de c\u00edtrics, caquis i alvocats. En el cas de l&#8217;arr\u00f2s, la pedra ha tingut una incid\u00e8ncia escassa, encara que la persist\u00e8ncia de les \u00faltimes pluges ja est\u00e0 ocasionant p\u00e8rdues de producci\u00f3 a les varietats m\u00e9s primerenques.<\/p>\n\n\n\n<p class=\"wp-block-paragraph\">L&#8217;organitzaci\u00f3 agr\u00e0ria recorda que el risc de pedra est\u00e0 cobert per l&#8217;asseguran\u00e7a agr\u00e0ria i destaca la import\u00e0ncia de tindre assegurades les collites. Recorda a tots els associats que tinguen contractada la p\u00f2lissa que declaren els seus sinistres a fi que Agroseguro perite i indemnitze com m\u00e9s prompte millor els danys.<\/p>\n\n\n\n<p class=\"wp-block-paragraph\">D&#8217;altra banda, AVA-ASAJA sol\u00b7licita a les diferents administracions la posada en marxa de mesures fiscals dirigides a alleujar les greus p\u00e8rdues econ\u00f2miques dels agricultors que han patit sinistres en les seues explotacions a causa d&#8217;aquest nou temporal.<\/p>\n","protected":false},"excerpt":{"rendered":"<div class=\"mh-excerpt\">AVA-ASAJA sol\u00b7licita a les administracions mesurades fiscals per a alleujar les p\u00e8rdues en ra\u00efm, c\u00edtrics, caquis, alvocats, ametles, olivar, arr\u00f2s i carxofes La tempesta de pedra que ahir va descarregar en diverses comarques de Val\u00e8ncia <a class=\"mh-excerpt-more\" href=\"https:\/\/tucomarca.whitekongsoftware.com\/ca\/la-pedra-causa-40-milions-de-perdues-en-mes-de-15-000-hectarees-de-cultius\/\" title=\"La pedra causa 40 milions de p\u00e8rdues en m\u00e9s de 15.000 hect\u00e0rees de cultius\">[+] <\/a><\/div>\n","protected":false},"author":13,"featured_media":198628,"comment_status":"open","ping_status":"open","sticky":false,"template":"","format":"standard","meta":{"footnotes":""},"categories":[10905,10952,10938,10892,10898,10948,10894,10904,10915,10928,10936,10935,10947,10908,10909,10896,10897],"tags":[11309,11924,11136,19679,11202,10899,10949,11070,11134,12359,11090],"class_list":["post-198629","post","type-post","status-publish","format-standard","has-post-thumbnail","category-agricultura-la-comarca-ca","category-benaguasil-ca","category-benisano-ca","category-camp-de-turia-ca","category-ventana-ca","category-infraestructuras-ca","category-la-comarca-ca","category-sin-categorizar-ca","category-la-pobla-ca","category-lliria-ca","category-naquera-ca","category-olocau-ca","category-politica","category-requena-ca","category-requena-utiel-ca","category-seccion-ca","category-sucesos-la-comarca-ca","tag-agricultura-ca","tag-ava-asaja-ca","tag-benaguasil-ca","tag-benisano-ca","tag-betera-ca","tag-camp-de-turia-ca","tag-la-pobla-ca","tag-lliria-ca","tag-naquera-ca","tag-olocau-ca","tag-vilamarxant-ca"],"_links":{"self":[{"href":"https:\/\/tucomarca.whitekongsoftware.com\/ca\/wp-json\/wp\/v2\/posts\/198629","targetHints":{"allow":["GET"]}}],"collection":[{"href":"https:\/\/tucomarca.whitekongsoftware.com\/ca\/wp-json\/wp\/v2\/posts"}],"about":[{"href":"https:\/\/tucomarca.whitekongsoftware.com\/ca\/wp-json\/wp\/v2\/types\/post"}],"author":[{"embeddable":true,"href":"https:\/\/tucomarca.whitekongsoftware.com\/ca\/wp-json\/wp\/v2\/users\/13"}],"replies":[{"embeddable":true,"href":"https:\/\/tucomarca.whitekongsoftware.com\/ca\/wp-json\/wp\/v2\/comments?post=198629"}],"version-history":[{"count":0,"href":"https:\/\/tucomarca.whitekongsoftware.com\/ca\/wp-json\/wp\/v2\/posts\/198629\/revisions"}],"wp:featuredmedia":[{"embeddable":true,"href":"https:\/\/tucomarca.whitekongsoftware.com\/ca\/wp-json\/wp\/v2\/media\/198628"}],"wp:attachment":[{"href":"https:\/\/tucomarca.whitekongsoftware.com\/ca\/wp-json\/wp\/v2\/media?parent=198629"}],"wp:term":[{"taxonomy":"category","embeddable":true,"href":"https:\/\/tucomarca.whitekongsoftware.com\/ca\/wp-json\/wp\/v2\/categories?post=198629"},{"taxonomy":"post_tag","embeddable":true,"href":"https:\/\/tucomarca.whitekongsoftware.com\/ca\/wp-json\/wp\/v2\/tags?post=198629"}],"curies":[{"name":"wp","href":"https:\/\/api.w.org\/{rel}","templated":true}]}}