{"id":198611,"date":"2023-09-18T12:00:00","date_gmt":"2023-09-18T10:00:00","guid":{"rendered":"https:\/\/www.tucomarca.com\/wordpress\/segunda\/?p=198611"},"modified":"2023-09-18T19:41:30","modified_gmt":"2023-09-18T17:41:30","slug":"tot-a-punt-per-a-iniciar-la-celebracio-de-la-50-festa-de-la-verema-a-xest","status":"publish","type":"post","link":"https:\/\/tucomarca.whitekongsoftware.com\/ca\/tot-a-punt-per-a-iniciar-la-celebracio-de-la-50-festa-de-la-verema-a-xest\/","title":{"rendered":"Tot a punt per a iniciar la celebraci\u00f3 de la 50 Festa de la Verema a Xest"},"content":{"rendered":"\n<p class=\"wp-block-paragraph\">Dissabte que ve, 23 de setembre, a les 19 hores, el teatre Liceu de Xest acollir\u00e0 la Presentaci\u00f3 de la Reina de la 50 Festa de la Verema, \u00c1ngela Morell Toled\u00e0, i de la seua Cort d&#8217;Honor, donant-se aix\u00ed el tret d&#8217;eixida d&#8217;una nova edici\u00f3 de la Festa de la Verema en la localitat.&nbsp;<br>Amb motiu de la celebraci\u00f3 de la 50 edici\u00f3 de la festa enguany el programa festiu comptar\u00e0 amb actes especials i es prolongar\u00e0 m\u00e9s enll\u00e0 del dia de Sant Lluc, el 18 d&#8217;octubre, ja que es contemplen actes els dies 21 i 22 d&#8217;octubre per a commemorar l&#8217;aniversari.<br>El programa ja pot consultar-se en la web municipal i en les xarxes socials de l&#8217;Ajuntament.<\/p>\n\n\n\n<p class=\"wp-block-paragraph\"><strong>Programa festiu 50 edici\u00f3<br><\/strong>En aquesta edici\u00f3 la Regidoria de Festes ha elaborat un complet programa en el qual no falten els actes tradicionals, com la Pis\u00e1 del ra\u00efm, el Dia del Mant\u00f3 o el Dia de la Flor, i que tamb\u00e9 cont\u00e9 novetats. Les activitats esportives s&#8217;amplien, ja que a m\u00e9s de l&#8217;habitual partida de pilota valenciana, enguany se celebrar\u00e0 el concurs Verema Cross Games, el dissabte 30 de setembre de 17.00 a 20.00. Aquesta iniciativa convertir\u00e0 al carrer Antonio Machado en l&#8217;escenari d&#8217;una competici\u00f3 l\u00fadica de CrossFit entre grups d&#8217;amigues i amics i tamb\u00e9 contemplar\u00e0 activitats infantils. Els xiquets i xiquetes podran a m\u00e9s participar en una festa infantil l&#8217;endem\u00e0, 1 d&#8217;octubre, amb tallers i jocs infantils tradicionals, en la pla\u00e7a II Rep\u00fablica de 10.00 a 14.00; un taller de cuina de \u201cPastissets de San Dion\u00eds\u201d amb motiu de la celebraci\u00f3 del 9 d&#8217;octubre, en la pla\u00e7a del Mercat a les 11.00, i un tancament infantil el divendres, 13 d&#8217;octubre, a les 18.00.<br>Una altra de les novetats \u00e9s la celebraci\u00f3 de la I edici\u00f3 dels Premis 9 d&#8217;octubre de Xest, acte en el qual s&#8217;homenatjar\u00e0 persones, entitats i col\u00b7lectius locals coincidint amb el dia de la Comunitat Valenciana. Tamb\u00e9 es contempla una entr\u00e1 de bous especial per la 50 edici\u00f3 de la festa, programada per al dia 13 d&#8217;octubre, a les 14.30.<br>A m\u00e9s, dins del programa festiu repeteixen actes com la Dans\u00e1, en honor a la collita i al vi, que celebrar\u00e0 la seua segona edici\u00f3 l&#8217;1 d&#8217;octubre a les 18.00 en la pla\u00e7a Doctor Cajal, en la qual participaran la Reina i la seua talle honor i els ve\u00efns i ve\u00efnes que es vulguen sumar. D&#8217;altra banda, s&#8217;ha programat una torr\u00e0 popular per al dia 7 d&#8217;octubre, a les 21.00 en la carretera Ll\u00edria. L&#8217;Ajuntament facilitar\u00e0 llenya, arena, taules i cadires a les penyes que el sol\u00b7liciten en les oficines del consistori, indicant el nom de la penya i el nombre de persones assistents.<br>Els actes taurins es desenvoluparan entre l&#8217;11 i el 15 d&#8217;octubre i comptaran amb les t\u00edpiques entr\u00e0s, vesprades de vaquilla i bou en puntes i de vaquilla i bou embolao. Tamb\u00e9 hi haur\u00e0 bou de corda el dia 14 d&#8217;octubre, a les 8.00, unes hores abans de celebrar la Festa de les Paelles.<\/p>\n\n\n\n<p class=\"wp-block-paragraph\"><\/p>\n","protected":false},"excerpt":{"rendered":"<div class=\"mh-excerpt\">Dissabte que ve, 23 de setembre, a les 19 hores, el teatre Liceu de Xest acollir\u00e0 la Presentaci\u00f3 de la Reina de la 50 Festa de la Verema, \u00c1ngela Morell Toled\u00e0, i de la seua <a class=\"mh-excerpt-more\" href=\"https:\/\/tucomarca.whitekongsoftware.com\/ca\/tot-a-punt-per-a-iniciar-la-celebracio-de-la-50-festa-de-la-verema-a-xest\/\" title=\"Tot a punt per a iniciar la celebraci\u00f3 de la 50 Festa de la Verema a Xest\">[+] <\/a><\/div>\n","protected":false},"author":12,"featured_media":198608,"comment_status":"open","ping_status":"open","sticky":false,"template":"","format":"standard","meta":{"footnotes":""},"categories":[11019,10894,10912,11007,10896,10974],"tags":[11071,11789,10914],"class_list":["post-198611","post","type-post","status-publish","format-standard","has-post-thumbnail","category-agenda-ca","category-la-comarca-ca","category-la-hoya-ca","category-ocio-y-cultura-ca","category-seccion-ca","category-cheste-ca","tag-cheste","tag-fiestas-de-la-vendimia-de-cheste-ca","tag-la-hoya-de-bunol-chiva-ca"],"_links":{"self":[{"href":"https:\/\/tucomarca.whitekongsoftware.com\/ca\/wp-json\/wp\/v2\/posts\/198611","targetHints":{"allow":["GET"]}}],"collection":[{"href":"https:\/\/tucomarca.whitekongsoftware.com\/ca\/wp-json\/wp\/v2\/posts"}],"about":[{"href":"https:\/\/tucomarca.whitekongsoftware.com\/ca\/wp-json\/wp\/v2\/types\/post"}],"author":[{"embeddable":true,"href":"https:\/\/tucomarca.whitekongsoftware.com\/ca\/wp-json\/wp\/v2\/users\/12"}],"replies":[{"embeddable":true,"href":"https:\/\/tucomarca.whitekongsoftware.com\/ca\/wp-json\/wp\/v2\/comments?post=198611"}],"version-history":[{"count":0,"href":"https:\/\/tucomarca.whitekongsoftware.com\/ca\/wp-json\/wp\/v2\/posts\/198611\/revisions"}],"wp:featuredmedia":[{"embeddable":true,"href":"https:\/\/tucomarca.whitekongsoftware.com\/ca\/wp-json\/wp\/v2\/media\/198608"}],"wp:attachment":[{"href":"https:\/\/tucomarca.whitekongsoftware.com\/ca\/wp-json\/wp\/v2\/media?parent=198611"}],"wp:term":[{"taxonomy":"category","embeddable":true,"href":"https:\/\/tucomarca.whitekongsoftware.com\/ca\/wp-json\/wp\/v2\/categories?post=198611"},{"taxonomy":"post_tag","embeddable":true,"href":"https:\/\/tucomarca.whitekongsoftware.com\/ca\/wp-json\/wp\/v2\/tags?post=198611"}],"curies":[{"name":"wp","href":"https:\/\/api.w.org\/{rel}","templated":true}]}}