{"id":198595,"date":"2023-09-22T06:00:00","date_gmt":"2023-09-22T04:00:00","guid":{"rendered":"https:\/\/www.tucomarca.com\/wordpress\/segunda\/?p=198595"},"modified":"2023-09-19T01:36:01","modified_gmt":"2023-09-18T23:36:01","slug":"aquest-dissabte-en-el-teatre-montecarlo-de-bunyol-la-cantant-cubana-annie-garces-es-presenta-en-concert-amb-la-big-band-de-lartistica","status":"publish","type":"post","link":"https:\/\/tucomarca.whitekongsoftware.com\/ca\/aquest-dissabte-en-el-teatre-montecarlo-de-bunyol-la-cantant-cubana-annie-garces-es-presenta-en-concert-amb-la-big-band-de-lartistica\/","title":{"rendered":"Aquest dissabte en el teatre Montecarlo de Bunyol la cantant cubana Annie Garc\u00e9s es presenta en concert amb la Big band de L&#8217;Art\u00edstica\u00a0"},"content":{"rendered":"\n<h4 class=\"wp-block-heading\">L&#8217;activitat, organitzada per l&#8217;Associaci\u00f3 Valenciana d&#8217;Amistat amb Cuba Jos\u00e9 Mart\u00ed al costat de la Societat Musical \u201cL&#8217;Art\u00edstica\u201d, tindr\u00e0 lloc aquest dissabte 23 de setembre a les 20,30 hores en el Teatre Montecarlo. L&#8217;entrada \u00e9s gratu\u00efta fins a completar l&#8217;aforament.<\/h4>\n\n\n\n<p class=\"wp-block-paragraph\">Annie Garc\u00e9s est\u00e0 convidada per l&#8217;Associaci\u00f3 Valenciana d&#8217;Amistat amb Cuba Jos\u00e9 Mart\u00ed, amb el suport de la Societat Musical \u201cL&#8217;Art\u00edstica\u201d, Garc\u00e9s, qui tamb\u00e9 \u00e9s flautista, conductora i presentadora de r\u00e0dio i televisi\u00f3, presentar\u00e0 el seu \u00faltim treball art\u00edstic, acompanyada del guitarrista cub\u00e0 Eduardo Corcho, incloent-hi obra pr\u00f2pia i cl\u00e0ssics de la m\u00fasica cubana.<\/p>\n","protected":false},"excerpt":{"rendered":"<div class=\"mh-excerpt\">L&#8217;activitat, organitzada per l&#8217;Associaci\u00f3 Valenciana d&#8217;Amistat amb Cuba Jos\u00e9 Mart\u00ed al costat de la Societat Musical \u201cL&#8217;Art\u00edstica\u201d, tindr\u00e0 lloc aquest dissabte 23 de setembre a les 20,30 hores en el Teatre Montecarlo. L&#8217;entrada \u00e9s gratu\u00efta <a class=\"mh-excerpt-more\" href=\"https:\/\/tucomarca.whitekongsoftware.com\/ca\/aquest-dissabte-en-el-teatre-montecarlo-de-bunyol-la-cantant-cubana-annie-garces-es-presenta-en-concert-amb-la-big-band-de-lartistica\/\" title=\"Aquest dissabte en el teatre Montecarlo de Bunyol la cantant cubana Annie Garc\u00e9s es presenta en concert amb la Big band de L&#8217;Art\u00edstica\u00a0\">[+] <\/a><\/div>\n","protected":false},"author":12,"featured_media":198751,"comment_status":"open","ping_status":"open","sticky":false,"template":"","format":"standard","meta":{"footnotes":""},"categories":[11019,10911,10894,10912,11007,10896],"tags":[19678,10913,10914,12858],"class_list":["post-198595","post","type-post","status-publish","format-standard","has-post-thumbnail","category-agenda-ca","category-bunol-ca","category-la-comarca-ca","category-la-hoya-ca","category-ocio-y-cultura-ca","category-seccion-ca","tag-big-band-la-artistica-ca","tag-bunol-ca","tag-la-hoya-de-bunol-chiva-ca","tag-teatro-montecarlo-ca"],"_links":{"self":[{"href":"https:\/\/tucomarca.whitekongsoftware.com\/ca\/wp-json\/wp\/v2\/posts\/198595","targetHints":{"allow":["GET"]}}],"collection":[{"href":"https:\/\/tucomarca.whitekongsoftware.com\/ca\/wp-json\/wp\/v2\/posts"}],"about":[{"href":"https:\/\/tucomarca.whitekongsoftware.com\/ca\/wp-json\/wp\/v2\/types\/post"}],"author":[{"embeddable":true,"href":"https:\/\/tucomarca.whitekongsoftware.com\/ca\/wp-json\/wp\/v2\/users\/12"}],"replies":[{"embeddable":true,"href":"https:\/\/tucomarca.whitekongsoftware.com\/ca\/wp-json\/wp\/v2\/comments?post=198595"}],"version-history":[{"count":0,"href":"https:\/\/tucomarca.whitekongsoftware.com\/ca\/wp-json\/wp\/v2\/posts\/198595\/revisions"}],"wp:featuredmedia":[{"embeddable":true,"href":"https:\/\/tucomarca.whitekongsoftware.com\/ca\/wp-json\/wp\/v2\/media\/198751"}],"wp:attachment":[{"href":"https:\/\/tucomarca.whitekongsoftware.com\/ca\/wp-json\/wp\/v2\/media?parent=198595"}],"wp:term":[{"taxonomy":"category","embeddable":true,"href":"https:\/\/tucomarca.whitekongsoftware.com\/ca\/wp-json\/wp\/v2\/categories?post=198595"},{"taxonomy":"post_tag","embeddable":true,"href":"https:\/\/tucomarca.whitekongsoftware.com\/ca\/wp-json\/wp\/v2\/tags?post=198595"}],"curies":[{"name":"wp","href":"https:\/\/api.w.org\/{rel}","templated":true}]}}