{"id":198321,"date":"2023-09-15T22:00:00","date_gmt":"2023-09-15T20:00:00","guid":{"rendered":"https:\/\/www.tucomarca.com\/wordpress\/segunda\/?p=198321"},"modified":"2023-09-15T22:42:31","modified_gmt":"2023-09-15T20:42:31","slug":"video-resumen-bunyol-es-bolca-amb-la-seua-xxvi-carrera-popular-de-fira-i-festes-memorial-raquel-lavilla-villar","status":"publish","type":"post","link":"https:\/\/tucomarca.whitekongsoftware.com\/ca\/video-resumen-bunyol-es-bolca-amb-la-seua-xxvi-carrera-popular-de-fira-i-festes-memorial-raquel-lavilla-villar\/","title":{"rendered":"V\u00eddeo-resumen: Bunyol es bolca amb la seua XXVI Carrera Popular de Fira i Festes, Memorial Raquel Lavilla Villar"},"content":{"rendered":"\n<figure class=\"wp-block-embed is-type-video is-provider-youtube wp-block-embed-youtube wp-embed-aspect-16-9 wp-has-aspect-ratio\"><div class=\"wp-block-embed__wrapper\">\n<iframe loading=\"lazy\" title=\"V\u00eddeo: Bu\u00f1ol se vuelca con su XXVI Carrera Popular de Feria y Fiestas Memorial Raquel Lavilla Villar\" width=\"500\" height=\"281\" src=\"https:\/\/www.youtube.com\/embed\/khdY7Aa8DZo?feature=oembed\" frameborder=\"0\" allow=\"accelerometer; autoplay; clipboard-write; encrypted-media; gyroscope; picture-in-picture; web-share\" referrerpolicy=\"strict-origin-when-cross-origin\" allowfullscreen><\/iframe>\n<\/div><\/figure>\n\n\n\n<p class=\"wp-block-paragraph\">Recordem amb aquest v\u00eddeo, elaborat per <strong>tucomarca televisi\u00f3<\/strong>, com Bunyol s&#8217;ha bolcat i ha gaudit de la XXVI Carrera Popular Fira i Festes 2023, <strong>Memorial Raquel Lavilla Villar<\/strong>, que va disc\u00f3rrer pels carrers de la localitat el passat 1 de setembre. La carrera, organitzada pel <strong>CA<\/strong> <strong>Correores<\/strong> Bunyol, va tindre l&#8217;eixida i l&#8217;arribada, com sempre, en l&#8217;Avinguda del Pa\u00eds Valenci\u00e0, a l&#8217;altura de la Pla\u00e7a Layana.<\/p>\n","protected":false},"excerpt":{"rendered":"<div class=\"mh-excerpt\">Recordem amb aquest v\u00eddeo, elaborat per tucomarca televisi\u00f3, com Bunyol s&#8217;ha bolcat i ha gaudit de la XXVI Carrera Popular Fira i Festes 2023, Memorial Raquel Lavilla Villar, que va disc\u00f3rrer pels carrers de la <a class=\"mh-excerpt-more\" href=\"https:\/\/tucomarca.whitekongsoftware.com\/ca\/video-resumen-bunyol-es-bolca-amb-la-seua-xxvi-carrera-popular-de-fira-i-festes-memorial-raquel-lavilla-villar\/\" title=\"V\u00eddeo-resumen: Bunyol es bolca amb la seua XXVI Carrera Popular de Fira i Festes, Memorial Raquel Lavilla Villar\">[+] <\/a><\/div>\n","protected":false},"author":1,"featured_media":198319,"comment_status":"open","ping_status":"open","sticky":false,"template":"","format":"video","meta":{"footnotes":""},"categories":[11018,10911,11003,10898,10894,10904,10912,11004,11008,10896,11062],"tags":[17325,10913,19670,17491,11177,10914],"class_list":["post-198321","post","type-post","status-publish","format-video","has-post-thumbnail","category-atletisme","category-bunol-ca","category-sports","category-ventana-ca","category-la-comarca-ca","category-sin-categorizar-ca","category-la-hoya-ca","category-la-semana-en-imagenes-ca","category-pueblos-en-fiestas-ca","category-seccion-ca","category-videos","tag-2023-ca","tag-bunol-ca","tag-carrera-ca","tag-carrera-popular-ca","tag-fira-y-festes","tag-la-hoya-de-bunol-chiva-ca","post_format-post-format-video"],"_links":{"self":[{"href":"https:\/\/tucomarca.whitekongsoftware.com\/ca\/wp-json\/wp\/v2\/posts\/198321","targetHints":{"allow":["GET"]}}],"collection":[{"href":"https:\/\/tucomarca.whitekongsoftware.com\/ca\/wp-json\/wp\/v2\/posts"}],"about":[{"href":"https:\/\/tucomarca.whitekongsoftware.com\/ca\/wp-json\/wp\/v2\/types\/post"}],"author":[{"embeddable":true,"href":"https:\/\/tucomarca.whitekongsoftware.com\/ca\/wp-json\/wp\/v2\/users\/1"}],"replies":[{"embeddable":true,"href":"https:\/\/tucomarca.whitekongsoftware.com\/ca\/wp-json\/wp\/v2\/comments?post=198321"}],"version-history":[{"count":0,"href":"https:\/\/tucomarca.whitekongsoftware.com\/ca\/wp-json\/wp\/v2\/posts\/198321\/revisions"}],"wp:featuredmedia":[{"embeddable":true,"href":"https:\/\/tucomarca.whitekongsoftware.com\/ca\/wp-json\/wp\/v2\/media\/198319"}],"wp:attachment":[{"href":"https:\/\/tucomarca.whitekongsoftware.com\/ca\/wp-json\/wp\/v2\/media?parent=198321"}],"wp:term":[{"taxonomy":"category","embeddable":true,"href":"https:\/\/tucomarca.whitekongsoftware.com\/ca\/wp-json\/wp\/v2\/categories?post=198321"},{"taxonomy":"post_tag","embeddable":true,"href":"https:\/\/tucomarca.whitekongsoftware.com\/ca\/wp-json\/wp\/v2\/tags?post=198321"}],"curies":[{"name":"wp","href":"https:\/\/api.w.org\/{rel}","templated":true}]}}