{"id":198232,"date":"2023-09-21T06:05:00","date_gmt":"2023-09-21T04:05:00","guid":{"rendered":"https:\/\/www.tucomarca.com\/wordpress\/segunda\/?p=198232"},"modified":"2023-09-19T01:45:13","modified_gmt":"2023-09-18T23:45:13","slug":"el-barri-sant-rafael-de-bunyol-celebra-aquest-cap-de-setmana-les-seues-festes-patronals","status":"publish","type":"post","link":"https:\/\/tucomarca.whitekongsoftware.com\/ca\/el-barri-sant-rafael-de-bunyol-celebra-aquest-cap-de-setmana-les-seues-festes-patronals\/","title":{"rendered":"El Barri Sant Rafael de Bunyol celebra aquest cap de setmana les seues festes patronals"},"content":{"rendered":"\n<p class=\"wp-block-paragraph\">El Barri Sant Rafael de Bunyol celebrar\u00e0 les seues tradicionals festes patronals del 22 al 24 de setembre, amb un extens programa de festejos.<\/p>\n\n\n\n<p class=\"wp-block-paragraph\">Arrancaran aquest divendres 22 de setembre a les 23,00 hores amb el Concert Banda Juvenil &#8220;CIM L&#8217;Arm\u00f2nica&#8221;<\/p>\n\n\n\n<p class=\"wp-block-paragraph\">El dissabte 23 de setembre obrir\u00e0 el programa un esmorzar de germanor a les 10,00 hores, seguit de jocs infantils tradicionals. Ja a la vesprada, a partir de les 19,00 hores arribar\u00e0 el festival de paelles amenitzat per un espectacle musical.<\/p>\n\n\n\n<p class=\"wp-block-paragraph\">El diumenge 24 de setembre els actes es concentraran al mat\u00ed, dedicats a Sant Rafael. A les 11,00 hores hi haur\u00e0 una missa a l&#8217;esgl\u00e9sia del barri, seguida d&#8217;una romeria a les 12 hores, per a finalitzar amb una masclet\u00e1 com a fi de festa.<\/p>\n","protected":false},"excerpt":{"rendered":"<div class=\"mh-excerpt\">El Barri Sant Rafael de Bunyol celebrar\u00e0 les seues tradicionals festes patronals del 22 al 24 de setembre, amb un extens programa de festejos. Arrancaran aquest divendres 22 de setembre a les 23,00 hores amb <a class=\"mh-excerpt-more\" href=\"https:\/\/tucomarca.whitekongsoftware.com\/ca\/el-barri-sant-rafael-de-bunyol-celebra-aquest-cap-de-setmana-les-seues-festes-patronals\/\" title=\"El Barri Sant Rafael de Bunyol celebra aquest cap de setmana les seues festes patronals\">[+] <\/a><\/div>\n","protected":false},"author":12,"featured_media":92474,"comment_status":"open","ping_status":"open","sticky":false,"template":"","format":"standard","meta":{"footnotes":""},"categories":[11019,10911,10894,10912,11007,10896],"tags":[12018,10913,10914],"class_list":["post-198232","post","type-post","status-publish","format-standard","has-post-thumbnail","category-agenda-ca","category-bunol-ca","category-la-comarca-ca","category-la-hoya-ca","category-ocio-y-cultura-ca","category-seccion-ca","tag-barrio-san-rafael-de-bunol-ca","tag-bunol-ca","tag-la-hoya-de-bunol-chiva-ca"],"_links":{"self":[{"href":"https:\/\/tucomarca.whitekongsoftware.com\/ca\/wp-json\/wp\/v2\/posts\/198232","targetHints":{"allow":["GET"]}}],"collection":[{"href":"https:\/\/tucomarca.whitekongsoftware.com\/ca\/wp-json\/wp\/v2\/posts"}],"about":[{"href":"https:\/\/tucomarca.whitekongsoftware.com\/ca\/wp-json\/wp\/v2\/types\/post"}],"author":[{"embeddable":true,"href":"https:\/\/tucomarca.whitekongsoftware.com\/ca\/wp-json\/wp\/v2\/users\/12"}],"replies":[{"embeddable":true,"href":"https:\/\/tucomarca.whitekongsoftware.com\/ca\/wp-json\/wp\/v2\/comments?post=198232"}],"version-history":[{"count":0,"href":"https:\/\/tucomarca.whitekongsoftware.com\/ca\/wp-json\/wp\/v2\/posts\/198232\/revisions"}],"wp:featuredmedia":[{"embeddable":true,"href":"https:\/\/tucomarca.whitekongsoftware.com\/ca\/wp-json\/wp\/v2\/media\/92474"}],"wp:attachment":[{"href":"https:\/\/tucomarca.whitekongsoftware.com\/ca\/wp-json\/wp\/v2\/media?parent=198232"}],"wp:term":[{"taxonomy":"category","embeddable":true,"href":"https:\/\/tucomarca.whitekongsoftware.com\/ca\/wp-json\/wp\/v2\/categories?post=198232"},{"taxonomy":"post_tag","embeddable":true,"href":"https:\/\/tucomarca.whitekongsoftware.com\/ca\/wp-json\/wp\/v2\/tags?post=198232"}],"curies":[{"name":"wp","href":"https:\/\/api.w.org\/{rel}","templated":true}]}}