{"id":198217,"date":"2023-09-14T10:00:00","date_gmt":"2023-09-14T08:00:00","guid":{"rendered":"https:\/\/www.tucomarca.com\/wordpress\/segunda\/?p=198217"},"modified":"2023-09-14T22:10:06","modified_gmt":"2023-09-14T20:10:06","slug":"la-unio-critica-que-els-comercialitzadors-li-estiguen-donant-prioritat-a-lametla-californiana-sobre-la-valenciana","status":"publish","type":"post","link":"https:\/\/tucomarca.whitekongsoftware.com\/ca\/la-unio-critica-que-els-comercialitzadors-li-estiguen-donant-prioritat-a-lametla-californiana-sobre-la-valenciana\/","title":{"rendered":"La Uni\u00f3 critica que els comercialitzadors li estiguen donant prioritat a l&#8217;ametla californiana sobre la valenciana"},"content":{"rendered":"\n<h2 class=\"wp-block-heading\">Exigeix que el Ministeri d&#8217;Agricultura estudie el possible d\u00famping en les importacions d&#8217;ametla dels Estats Units per a evitar una compet\u00e8ncia deslleial a l&#8217;ametla valenciana<\/h2>\n\n\n\n<h4 class=\"wp-block-heading\">Continuen important ingents quantitats d&#8217;ametla procedents dels Estats Units i deixen d&#8217;apostar pel producte d&#8217;ac\u00ed, de proximitat i amb una qualitat evident<\/h4>\n\n\n\n<p class=\"wp-block-paragraph\">La Uni\u00f3 Llauradora considera que la importaci\u00f3 d&#8217;ametla procedent dels Estats Units est\u00e0 guanyant cada vegada m\u00e9s terreny de manera injustificada, perjudicant les produccions de la Comunitat Valenciana de proximitat.<\/p>\n\n\n\n<p class=\"wp-block-paragraph\">L&#8217;organitzaci\u00f3 destaca que la balan\u00e7a comercial del producte continua mostrant una tend\u00e8ncia a l&#8217;increment de les importacions des dels EUA en quantitats que, en l&#8217;\u00faltim semestre d&#8217;aquest any 2023 i segons DataComex, han arribat a les 47.000 tones d&#8217;ametla en gra per un valor de m\u00e9s de 173 milions d&#8217;euros, la qual cosa suposa preus d&#8217;importaci\u00f3 mitjans de 3,68 euros per quilogram.<\/p>\n\n\n\n<p class=\"wp-block-paragraph\">En aquest sentit, assenyala que es tracta del 80% del volum total d&#8217;importacions d&#8217;ametla al nostre pa\u00eds que es xifren entorn de les 60.000 tones en el primer semestre del present exercici 2023. En tot cas, resulta cridaner que sent el nostre el segon pa\u00eds productor d&#8217;ametla, el saldo exportacions \/ importacions en volum mostre un desfasament de quasi 15.000 tones d&#8217;ametla grane importades.<\/p>\n\n\n\n<p class=\"wp-block-paragraph\">D&#8217;altra banda, el Ministeri calcula que, amb l&#8217;acord amb la Xina, Espanya podria exportar a aquest pa\u00eds unes 50.000 tones en l&#8217;horitz\u00f3 de l&#8217;any 2025 i unes 90.000 tones, no obstant aix\u00f2, segons La Uni\u00f3, aquest acord nom\u00e9s deixa als productors tradicionals en la cuneta, afavorint que Espanya es convertisca en plataforma de circulaci\u00f3 de l&#8217;ametla estatunidenca cap a la Xina, impactant negativament sobre les zones productores, tensionant cada vegada m\u00e9s el mercat amb preus a la baixa.<\/p>\n\n\n\n<p class=\"wp-block-paragraph\">L&#8217;organitzaci\u00f3 destaca que la situaci\u00f3 de preus baixos, d&#8217;intencionada o no previsi\u00f3 d&#8217;aforament de collita de 121.000 tones en el conjunt de zones productores de l&#8217;Estat, d&#8217;importacions notables des de Calif\u00f2rnia, revelen aquesta estrat\u00e8gia per part de les empreses comercialitzadores, que t\u00e9 com a primera conseq\u00fc\u00e8ncia el manteniment (quan no el descens generalitzat) de preus en el producte en les diferents llotges.<\/p>\n\n\n\n<p class=\"wp-block-paragraph\">\u201cEls comercialitzadors d&#8217;ametla continuen important ingents quantitats d&#8217;ametla procedents dels Estats Units i deixen d&#8217;apostar pel producte d&#8217;ac\u00ed, de proximitat i amb una qualitat evident, obviant el pes espec\u00edfic d&#8217;aquest sector en l&#8217;entramat social i econ\u00f2mic en \u00e0mplies zones del territori sense una altra alternativa agron\u00f2mica\u201d, lamenten des de l&#8217;organitzaci\u00f3. \u201cCal no oblidar-se que el nostre pa\u00eds \u00e9s el segon productor d&#8217;ametla m\u00e9s gran\u201d, afigen.<\/p>\n\n\n\n<p class=\"wp-block-paragraph\">Campanya amb costos de producci\u00f3 que no es cobreixen<\/p>\n\n\n\n<p class=\"wp-block-paragraph\">Per a aquesta campanya el sector constata aforaments de collita inferiors a les estimacions realitzades per la Mesa Nacional de Fruita seca les xifres de la qual superaven les 120.000 tones d&#8217;ametla gra per a la campanya 2023, despr\u00e9s de la caiguda r\u00e8cord en la producci\u00f3 de la passada campanya.<\/p>\n\n\n\n<p class=\"wp-block-paragraph\">Aquesta previsi\u00f3 de collita a l&#8217;al\u00e7a s&#8217;ha vist afectada per les inclem\u00e8ncies climatol\u00f2giques: la sequera dels \u00faltims mesos o els danys causats per les borrasques.<\/p>\n\n\n\n<p class=\"wp-block-paragraph\">En aquest context, les cotitzacions mitjanes marquen una tend\u00e8ncia de preus per davall dels 3 euros el quilo, preus insuficients, en opini\u00f3 de La Uni\u00f3, per a cobrir els costos de producci\u00f3 en continu ascens especialment en les zones de cultiu tradicional.<\/p>\n\n\n\n<p class=\"wp-block-paragraph\">La Uni\u00f3 exigeix que el Ministeri d&#8217;Agricultura estudie el possible d\u00famping en les importacions d&#8217;ametla dels Estats Units per a evitar una compet\u00e8ncia deslleial a l&#8217;ametla valenciana i que els grans industrials es beneficien d&#8217;aquesta mena d&#8217;operacions comercials en detriment i perjudici dels productors de la Comunitat Valenciana.<\/p>\n\n\n\n<p class=\"wp-block-paragraph\"><\/p>\n","protected":false},"excerpt":{"rendered":"<div class=\"mh-excerpt\">Exigeix que el Ministeri d&#8217;Agricultura estudie el possible d\u00famping en les importacions d&#8217;ametla dels Estats Units per a evitar una compet\u00e8ncia deslleial a l&#8217;ametla valenciana Continuen important ingents quantitats d&#8217;ametla procedents dels Estats Units i <a class=\"mh-excerpt-more\" href=\"https:\/\/tucomarca.whitekongsoftware.com\/ca\/la-unio-critica-que-els-comercialitzadors-li-estiguen-donant-prioritat-a-lametla-californiana-sobre-la-valenciana\/\" title=\"La Uni\u00f3 critica que els comercialitzadors li estiguen donant prioritat a l&#8217;ametla californiana sobre la valenciana\">[+] <\/a><\/div>\n","protected":false},"author":12,"featured_media":119352,"comment_status":"open","ping_status":"open","sticky":false,"template":"","format":"standard","meta":{"footnotes":""},"categories":[10890,10905,10951,10892,11046,10898,10948,10963,10894,10904,10912,10947,10896],"tags":[13036,18022],"class_list":["post-198217","post","type-post","status-publish","format-standard","has-post-thumbnail","category-ademus","category-agricultura-la-comarca-ca","category-ayora-cofrentes-ca","category-camp-de-turia-ca","category-los-serranos-ca","category-ventana-ca","category-infraestructuras-ca","category-la-canal-de-navarres-ca","category-la-comarca-ca","category-sin-categorizar-ca","category-la-hoya-ca","category-politica","category-seccion-ca","tag-almendra-ca","tag-la-unio-llauradora-ca"],"_links":{"self":[{"href":"https:\/\/tucomarca.whitekongsoftware.com\/ca\/wp-json\/wp\/v2\/posts\/198217","targetHints":{"allow":["GET"]}}],"collection":[{"href":"https:\/\/tucomarca.whitekongsoftware.com\/ca\/wp-json\/wp\/v2\/posts"}],"about":[{"href":"https:\/\/tucomarca.whitekongsoftware.com\/ca\/wp-json\/wp\/v2\/types\/post"}],"author":[{"embeddable":true,"href":"https:\/\/tucomarca.whitekongsoftware.com\/ca\/wp-json\/wp\/v2\/users\/12"}],"replies":[{"embeddable":true,"href":"https:\/\/tucomarca.whitekongsoftware.com\/ca\/wp-json\/wp\/v2\/comments?post=198217"}],"version-history":[{"count":0,"href":"https:\/\/tucomarca.whitekongsoftware.com\/ca\/wp-json\/wp\/v2\/posts\/198217\/revisions"}],"wp:featuredmedia":[{"embeddable":true,"href":"https:\/\/tucomarca.whitekongsoftware.com\/ca\/wp-json\/wp\/v2\/media\/119352"}],"wp:attachment":[{"href":"https:\/\/tucomarca.whitekongsoftware.com\/ca\/wp-json\/wp\/v2\/media?parent=198217"}],"wp:term":[{"taxonomy":"category","embeddable":true,"href":"https:\/\/tucomarca.whitekongsoftware.com\/ca\/wp-json\/wp\/v2\/categories?post=198217"},{"taxonomy":"post_tag","embeddable":true,"href":"https:\/\/tucomarca.whitekongsoftware.com\/ca\/wp-json\/wp\/v2\/tags?post=198217"}],"curies":[{"name":"wp","href":"https:\/\/api.w.org\/{rel}","templated":true}]}}