{"id":198180,"date":"2023-09-14T15:00:00","date_gmt":"2023-09-14T13:00:00","guid":{"rendered":"https:\/\/www.tucomarca.com\/wordpress\/segunda\/?p=198180"},"modified":"2023-09-14T18:00:55","modified_gmt":"2023-09-14T16:00:55","slug":"la-guardia-civil-ha-detingut-a-madrid-al-conductor-de-la-furgoneta-que-va-atropellar-mortalment-a-dos-ciclistes-en-la-carretera-de-torrent-a-montroi","status":"publish","type":"post","link":"https:\/\/tucomarca.whitekongsoftware.com\/ca\/la-guardia-civil-ha-detingut-a-madrid-al-conductor-de-la-furgoneta-que-va-atropellar-mortalment-a-dos-ciclistes-en-la-carretera-de-torrent-a-montroi\/","title":{"rendered":"La Guardia Civil\u00a0ha detingut a Madrid al conductor de la furgoneta que va atropellar mortalment a dos ciclistes en la carretera de\u00a0Torrent\u00a0a\u00a0Montroi"},"content":{"rendered":"\n<p class=\"wp-block-paragraph\"><strong>L&#8217;atropellament mortal va tindre lloc el passat dia 12 a les 08.45 hores en la CV-405<\/strong><\/p>\n\n\n\n<p class=\"wp-block-paragraph\"><strong>L&#8217;autor, qui va causar la mort de dues dels tres ciclistes atropellats, es va donar a la fugida i ha sigut localitzat i detingut a Madrid\u00a0<\/strong><\/p>\n\n\n\n<p class=\"wp-block-paragraph\">La Gu\u00e0rdia Civil de Val\u00e8ncia det\u00e9 al culpable de l&#8217;atropellament de 3 ciclistes el passat dia 12 en la CV-405 (Val\u00e8ncia) pel qual 2 persones han mort.<\/p>\n\n\n\n<p class=\"wp-block-paragraph\">La Gu\u00e0rdia Civil de Val\u00e8ncia es va fer c\u00e0rrec de la investigaci\u00f3 del sinistre vial ocorregut a les 08,45 hores del passat dimarts dia 12 de setembre, quan el conductor d&#8217;una furgoneta de repartiment de paqueteria va atropellar mortalment a dos ciclistes que circulaven per la carretera CV-405, a l&#8217;altura del quil\u00f2metre 7,700 (terme municipal de Torrent), provocant la defunci\u00f3 en el lloc del sinistre d&#8217;un d&#8217;ells i deixant inicialment ferit greu a l&#8217;altre, el qual va morir hores despr\u00e9s a l&#8217;hospital al qual va ser evacuat. Un tercer va sobreviure a l&#8217;atropellament, ja que no va resultar aconseguit.<\/p>\n\n\n\n<p class=\"wp-block-paragraph\">L&#8217;autor de l&#8217;atropellament mortal es va donar immediatament a la fugida, per la qual cosa es va activar al Grup d&#8217;Investigaci\u00f3 i An\u00e0lisi -GIAT- del Sector de Tr\u00e0nsit de la Gu\u00e0rdia Civil a la Comunitat Valenciana que, gr\u00e0cies a les gestions realitzades i a la col\u00b7laboraci\u00f3 ciutadana, va aconseguir localitzar el vehicle estacionat en un pol\u00edgon de Riba-roja de T\u00faria (Val\u00e8ncia). Aquest presentava danys de consideraci\u00f3 recents i compatibles amb l&#8217;impacte patit amb els ciclistes, per la qual cosa va ser intervingut per a examinar-lo a fons i obtindre restes i vestigis.<\/p>\n\n\n\n<p class=\"wp-block-paragraph\">Aqueix mateix mat\u00ed es va aconseguir esbrinar la identificaci\u00f3 del possible conductor escapolit, traslladant-se el GIAT al seu domicili on es va establir un dispositiu de vigil\u00e0ncia per a poder procedir a la seua detenci\u00f3, si b\u00e9 es va tindre coneixement posteriorment que, despr\u00e9s del sinistre, el presumpte autor havia recollit els seus estris personals i abandonat el seu domicili.<\/p>\n\n\n\n<p class=\"wp-block-paragraph\">Fruit de la investigaci\u00f3 i del c\u00e9rcol policial establit, es va esbrinar que es trobava fugit a Madrid on va ser localitzat a \u00faltima hora d&#8217;ahir per components del *GIAT despla\u00e7ats des de Val\u00e8ncia. Es va procedir llavors a la detenci\u00f3 d&#8217;un ciutad\u00e0 estranger de 25 anys d&#8217;edat, en situaci\u00f3 irregular a Espanya, com a possible autor de 2 delictes d&#8217;homicidi per imprud\u00e8ncia i d&#8217;un delicte d&#8217;aband\u00f3 del lloc del sinistre.<\/p>\n\n\n\n<p class=\"wp-block-paragraph\">El detingut, assistit pel seu advocat, es va negar a prestar declaraci\u00f3 en seu policial, per la qual cosa, despr\u00e9s de passar la nit en els calabossos de la Gu\u00e0rdia Civil de Madrid, ser\u00e0 posat a disposici\u00f3 judicial del Jutjat d&#8217;Instrucci\u00f3 n\u00fam. 6 de Madrid, en funcions de gu\u00e0rdia, en el mat\u00ed de hui.<\/p>\n\n\n\n<p class=\"wp-block-paragraph\">Quant al sinistre mortal, les dilig\u00e8ncies policials seran entregades al Jutjat d&#8217;Instrucci\u00f3 n\u00fam. 3 de Torrent (Val\u00e8ncia).<\/p>\n","protected":false},"excerpt":{"rendered":"<div class=\"mh-excerpt\">L&#8217;atropellament mortal va tindre lloc el passat dia 12 a les 08.45 hores en la CV-405 L&#8217;autor, qui va causar la mort de dues dels tres ciclistes atropellats, es va donar a la fugida i <a class=\"mh-excerpt-more\" href=\"https:\/\/tucomarca.whitekongsoftware.com\/ca\/la-guardia-civil-ha-detingut-a-madrid-al-conductor-de-la-furgoneta-que-va-atropellar-mortalment-a-dos-ciclistes-en-la-carretera-de-torrent-a-montroi\/\" title=\"La Guardia Civil\u00a0ha detingut a Madrid al conductor de la furgoneta que va atropellar mortalment a dos ciclistes en la carretera de\u00a0Torrent\u00a0a\u00a0Montroi\">[+] <\/a><\/div>\n","protected":false},"author":1,"featured_media":198177,"comment_status":"open","ping_status":"open","sticky":false,"template":"","format":"standard","meta":{"footnotes":""},"categories":[10898,10894,10904,10902,11001,10896,10897],"tags":[17107,11118,11077,13924],"class_list":["post-198180","post","type-post","status-publish","format-standard","has-post-thumbnail","category-ventana-ca","category-la-comarca-ca","category-sin-categorizar-ca","category-la-ribera-ca","category-montroi-ca","category-seccion-ca","category-sucesos-la-comarca-ca","tag-detenido-ca","tag-guardia-civil-ca","tag-la-ribera-alta-ca","tag-montroi-ca"],"_links":{"self":[{"href":"https:\/\/tucomarca.whitekongsoftware.com\/ca\/wp-json\/wp\/v2\/posts\/198180","targetHints":{"allow":["GET"]}}],"collection":[{"href":"https:\/\/tucomarca.whitekongsoftware.com\/ca\/wp-json\/wp\/v2\/posts"}],"about":[{"href":"https:\/\/tucomarca.whitekongsoftware.com\/ca\/wp-json\/wp\/v2\/types\/post"}],"author":[{"embeddable":true,"href":"https:\/\/tucomarca.whitekongsoftware.com\/ca\/wp-json\/wp\/v2\/users\/1"}],"replies":[{"embeddable":true,"href":"https:\/\/tucomarca.whitekongsoftware.com\/ca\/wp-json\/wp\/v2\/comments?post=198180"}],"version-history":[{"count":0,"href":"https:\/\/tucomarca.whitekongsoftware.com\/ca\/wp-json\/wp\/v2\/posts\/198180\/revisions"}],"wp:featuredmedia":[{"embeddable":true,"href":"https:\/\/tucomarca.whitekongsoftware.com\/ca\/wp-json\/wp\/v2\/media\/198177"}],"wp:attachment":[{"href":"https:\/\/tucomarca.whitekongsoftware.com\/ca\/wp-json\/wp\/v2\/media?parent=198180"}],"wp:term":[{"taxonomy":"category","embeddable":true,"href":"https:\/\/tucomarca.whitekongsoftware.com\/ca\/wp-json\/wp\/v2\/categories?post=198180"},{"taxonomy":"post_tag","embeddable":true,"href":"https:\/\/tucomarca.whitekongsoftware.com\/ca\/wp-json\/wp\/v2\/tags?post=198180"}],"curies":[{"name":"wp","href":"https:\/\/api.w.org\/{rel}","templated":true}]}}