{"id":197967,"date":"2023-09-12T09:15:00","date_gmt":"2023-09-12T07:15:00","guid":{"rendered":"https:\/\/www.tucomarca.com\/wordpress\/segunda\/?p=197967"},"modified":"2023-09-12T14:01:39","modified_gmt":"2023-09-12T12:01:39","slug":"lequip-de-govern-municipal-de-requena-retorna-al-salo-de-plens-els-quadres-de-requenenses-illustres","status":"publish","type":"post","link":"https:\/\/tucomarca.whitekongsoftware.com\/ca\/lequip-de-govern-municipal-de-requena-retorna-al-salo-de-plens-els-quadres-de-requenenses-illustres\/","title":{"rendered":"L&#8217;equip de Govern municipal de Requena retorna al sal\u00f3 de plens els quadres de requenenses il\u00b7lustres"},"content":{"rendered":"\n<p class=\"wp-block-paragraph\">Des de dimecres passat, dia en qu\u00e8 es va celebrar el primer ple ordinari de la legislatura, els quadres dels requenenses il\u00b7lustres han tornat al Sal\u00f3 de Plens, tal com figura en el pacte de govern signat entre el Partit de Requena i Llogarets i el Partit Popular.&nbsp;<\/p>\n\n\n\n<figure class=\"wp-block-image size-large\"><img loading=\"lazy\" decoding=\"async\" width=\"1024\" height=\"472\" src=\"http:\/\/www.tucomarca.com\/wordpress\/segunda\/wp-content\/uploads\/2023\/09\/RequenaCuadros2-1024x472.jpg\" alt=\"\" class=\"wp-image-197964\" srcset=\"https:\/\/tucomarca.whitekongsoftware.com\/wp-content\/uploads\/2023\/09\/RequenaCuadros2-1024x472.jpg 1024w, https:\/\/tucomarca.whitekongsoftware.com\/wp-content\/uploads\/2023\/09\/RequenaCuadros2-300x138.jpg 300w, https:\/\/tucomarca.whitekongsoftware.com\/wp-content\/uploads\/2023\/09\/RequenaCuadros2-768x354.jpg 768w, https:\/\/tucomarca.whitekongsoftware.com\/wp-content\/uploads\/2023\/09\/RequenaCuadros2.jpg 1302w\" sizes=\"auto, (max-width: 1024px) 100vw, 1024px\" \/><\/figure>\n\n\n\n<p class=\"wp-block-paragraph\">\u201cAl juny de 2021, el govern socialista de Mario S\u00e1nchez va traslladar els quadres dels requenenses il\u00b7lustres del Sal\u00f3 de Plens al claustre del Museu Municipal, llevant-los aix\u00ed del lloc d&#8217;honor que els correspon\u201d afirmen des del PRyA.&nbsp;<\/p>\n\n\n\n<p class=\"wp-block-paragraph\">Aqueixos quadres de requenenses il\u00b7lustres sempre han estat situats en el Sal\u00f3 de Plens \u201cper a donar-los dignitat en el lloc m\u00e9s solemne de tot el municipi, en el lloc on els representants de tots els requenenses prenen les decisions que ajuden a dirigir i gestionar el municipi que, precisament aquests requenenses il\u00b7lustres, van ajudar a millorar i fer m\u00e9s gran en tots els sentits al llarg dels anys\u201d expliquen les fonts.<\/p>\n\n\n\n<p class=\"wp-block-paragraph\">\u201cEl llevar els quadres dels requenenses il\u00b7lustres del lloc que els correspon per part del govern socialista de Mario S\u00e1nchez, va esborrar i va ocultar un passat que \u00e9s part de tots nosaltres, intentant aix\u00ed ocultar la hist\u00f2ria\u201d afirmen representants del PRyA.<\/p>\n\n\n\n<p class=\"wp-block-paragraph\">Per aix\u00f2, des del PRyA \u201cdemanem en el seu moment la volta dels quadres al Sal\u00f3 de Plens, petici\u00f3 que no va ser atesa pel llavors alcalde de Requena, el socialista Mario S\u00e1nchez\u201d, recorden. \u201cDes de la nostra formaci\u00f3 -afigen- ens vam comprometre a reubicar aquests quadres quan arrib\u00e0rem al govern municipal, mesura que va ser signada en el pacte de govern entre el PRyA i el PP\u201d.<\/p>\n\n\n\n<p class=\"wp-block-paragraph\">\u201cEl PRyA compleix les seues promeses i aquesta va ser una d&#8217;elles, per la qual cosa els quadres dels requenenses il\u00b7lustres tornen a estar en el lloc d&#8217;honor que els correspon, el Sal\u00f3 de Plens de l&#8217;Ajuntament de Requena\u201d asseguren des de la formaci\u00f3 pol\u00edtica d&#8217;\u00e0mbit municipal. Informa,&nbsp;<strong>Luis Ib\u00e1\u00f1ez.<\/strong><\/p>\n","protected":false},"excerpt":{"rendered":"<div class=\"mh-excerpt\">Des de dimecres passat, dia en qu\u00e8 es va celebrar el primer ple ordinari de la legislatura, els quadres dels requenenses il\u00b7lustres han tornat al Sal\u00f3 de Plens, tal com figura en el pacte de <a class=\"mh-excerpt-more\" href=\"https:\/\/tucomarca.whitekongsoftware.com\/ca\/lequip-de-govern-municipal-de-requena-retorna-al-salo-de-plens-els-quadres-de-requenenses-illustres\/\" title=\"L&#8217;equip de Govern municipal de Requena retorna al sal\u00f3 de plens els quadres de requenenses il\u00b7lustres\">[+] <\/a><\/div>\n","protected":false},"author":12,"featured_media":197963,"comment_status":"open","ping_status":"open","sticky":false,"template":"","format":"standard","meta":{"footnotes":""},"categories":[10948,10894,10947,10908,10909,10896],"tags":[19656,17181,12796,11099,10910],"class_list":["post-197967","post","type-post","status-publish","format-standard","has-post-thumbnail","category-infraestructuras-ca","category-la-comarca-ca","category-politica","category-requena-ca","category-requena-utiel-ca","category-seccion-ca","tag-cuadros-de-requenenses-ilustres-ca","tag-pleno-de-requena-ca","tag-prya-ca","tag-requena-ca","tag-requena-utiel-ca"],"_links":{"self":[{"href":"https:\/\/tucomarca.whitekongsoftware.com\/ca\/wp-json\/wp\/v2\/posts\/197967","targetHints":{"allow":["GET"]}}],"collection":[{"href":"https:\/\/tucomarca.whitekongsoftware.com\/ca\/wp-json\/wp\/v2\/posts"}],"about":[{"href":"https:\/\/tucomarca.whitekongsoftware.com\/ca\/wp-json\/wp\/v2\/types\/post"}],"author":[{"embeddable":true,"href":"https:\/\/tucomarca.whitekongsoftware.com\/ca\/wp-json\/wp\/v2\/users\/12"}],"replies":[{"embeddable":true,"href":"https:\/\/tucomarca.whitekongsoftware.com\/ca\/wp-json\/wp\/v2\/comments?post=197967"}],"version-history":[{"count":0,"href":"https:\/\/tucomarca.whitekongsoftware.com\/ca\/wp-json\/wp\/v2\/posts\/197967\/revisions"}],"wp:featuredmedia":[{"embeddable":true,"href":"https:\/\/tucomarca.whitekongsoftware.com\/ca\/wp-json\/wp\/v2\/media\/197963"}],"wp:attachment":[{"href":"https:\/\/tucomarca.whitekongsoftware.com\/ca\/wp-json\/wp\/v2\/media?parent=197967"}],"wp:term":[{"taxonomy":"category","embeddable":true,"href":"https:\/\/tucomarca.whitekongsoftware.com\/ca\/wp-json\/wp\/v2\/categories?post=197967"},{"taxonomy":"post_tag","embeddable":true,"href":"https:\/\/tucomarca.whitekongsoftware.com\/ca\/wp-json\/wp\/v2\/tags?post=197967"}],"curies":[{"name":"wp","href":"https:\/\/api.w.org\/{rel}","templated":true}]}}