{"id":197883,"date":"2023-09-12T11:00:00","date_gmt":"2023-09-12T09:00:00","guid":{"rendered":"https:\/\/www.tucomarca.com\/wordpress\/segunda\/?p=197883"},"modified":"2023-09-12T11:41:03","modified_gmt":"2023-09-12T09:41:03","slug":"mor-un-home-en-la-deflagracio-dun-habitatge-a-requena","status":"publish","type":"post","link":"https:\/\/tucomarca.whitekongsoftware.com\/ca\/mor-un-home-en-la-deflagracio-dun-habitatge-a-requena\/","title":{"rendered":"Mor un home en la deflagraci\u00f3 d&#8217;un habitatge a Requena"},"content":{"rendered":"\n<p class=\"wp-block-paragraph\">El Consorci de Bombers de Val\u00e8ncia s&#8217;hi ha mobilitzat esta matinada, al voltant de les 4,30 hores, a un pis del carrer San Agust\u00edn de Requena on s&#8217;hi havia escoltat una deflagraci\u00f3.<\/p>\n\n\n\n<p class=\"wp-block-paragraph\">Fins all\u00ed han acudit tres dotacions de bombers de Requena, un sergent d&#8217;este parc i un oficial que a la seua arribada s&#8217;hi han trobat amb un incendi en un pis de la quarta planta. <\/p>\n\n\n\n<p class=\"wp-block-paragraph\">El pis estava molt afectat per l&#8217;incendi i deflagraci\u00f3, havent-se produ\u00eft importants danys a l&#8217;habitatge. Els bombers havien sigut alertats de de que hi podria haver una persona a l&#8217;interior, i paral\u00b7lelament a les tasques d&#8217;extinci\u00f3 han realitzat la recerca, localitzant finalment una v\u00edctima mortal, un home. La Guardia CIvil s&#8217;hi ha fet c\u00e0rrec.<\/p>\n\n\n\n<p class=\"wp-block-paragraph\">D&#8217;altra banda, els bombers han pogut rescatar amb vida una mascota, un gos, que estava al pis.<\/p>\n","protected":false},"excerpt":{"rendered":"<div class=\"mh-excerpt\">El Consorci de Bombers de Val\u00e8ncia s&#8217;hi ha mobilitzat esta matinada, al voltant de les 4,30 hores, a un pis del carrer San Agust\u00edn de Requena on s&#8217;hi havia escoltat una deflagraci\u00f3. Fins all\u00ed han <a class=\"mh-excerpt-more\" href=\"https:\/\/tucomarca.whitekongsoftware.com\/ca\/mor-un-home-en-la-deflagracio-dun-habitatge-a-requena\/\" title=\"Mor un home en la deflagraci\u00f3 d&#8217;un habitatge a Requena\">[+] <\/a><\/div>\n","protected":false},"author":1,"featured_media":185942,"comment_status":"open","ping_status":"open","sticky":false,"template":"","format":"standard","meta":{"footnotes":""},"categories":[10898,10948,10894,10904,10908,10909,10896,10897],"tags":[18754,11099,10910,10901],"class_list":["post-197883","post","type-post","status-publish","format-standard","has-post-thumbnail","category-ventana-ca","category-infraestructuras-ca","category-la-comarca-ca","category-sin-categorizar-ca","category-requena-ca","category-requena-utiel-ca","category-seccion-ca","category-sucesos-la-comarca-ca","tag-deflagracion-ca","tag-requena-ca","tag-requena-utiel-ca","tag-sucesos-ca"],"_links":{"self":[{"href":"https:\/\/tucomarca.whitekongsoftware.com\/ca\/wp-json\/wp\/v2\/posts\/197883","targetHints":{"allow":["GET"]}}],"collection":[{"href":"https:\/\/tucomarca.whitekongsoftware.com\/ca\/wp-json\/wp\/v2\/posts"}],"about":[{"href":"https:\/\/tucomarca.whitekongsoftware.com\/ca\/wp-json\/wp\/v2\/types\/post"}],"author":[{"embeddable":true,"href":"https:\/\/tucomarca.whitekongsoftware.com\/ca\/wp-json\/wp\/v2\/users\/1"}],"replies":[{"embeddable":true,"href":"https:\/\/tucomarca.whitekongsoftware.com\/ca\/wp-json\/wp\/v2\/comments?post=197883"}],"version-history":[{"count":0,"href":"https:\/\/tucomarca.whitekongsoftware.com\/ca\/wp-json\/wp\/v2\/posts\/197883\/revisions"}],"wp:featuredmedia":[{"embeddable":true,"href":"https:\/\/tucomarca.whitekongsoftware.com\/ca\/wp-json\/wp\/v2\/media\/185942"}],"wp:attachment":[{"href":"https:\/\/tucomarca.whitekongsoftware.com\/ca\/wp-json\/wp\/v2\/media?parent=197883"}],"wp:term":[{"taxonomy":"category","embeddable":true,"href":"https:\/\/tucomarca.whitekongsoftware.com\/ca\/wp-json\/wp\/v2\/categories?post=197883"},{"taxonomy":"post_tag","embeddable":true,"href":"https:\/\/tucomarca.whitekongsoftware.com\/ca\/wp-json\/wp\/v2\/tags?post=197883"}],"curies":[{"name":"wp","href":"https:\/\/api.w.org\/{rel}","templated":true}]}}