{"id":197692,"date":"2023-09-11T10:00:00","date_gmt":"2023-09-11T08:00:00","guid":{"rendered":"https:\/\/www.tucomarca.com\/wordpress\/segunda\/?p=197692"},"modified":"2023-09-11T14:22:31","modified_gmt":"2023-09-11T12:22:31","slug":"lajuntament-de-requena-se-suma-a-la-celebracio-del-dia-sense-cotxe","status":"publish","type":"post","link":"https:\/\/tucomarca.whitekongsoftware.com\/ca\/lajuntament-de-requena-se-suma-a-la-celebracio-del-dia-sense-cotxe\/","title":{"rendered":"L&#8217;Ajuntament de Requena se suma a la celebraci\u00f3 del &#8220;dia sense cotxe&#8221;"},"content":{"rendered":"\n<p class=\"wp-block-paragraph\">Amb motiu del &#8220;dia sense cotxe&#8221;, l&#8217;Ajuntament de Requena organitzar\u00e0 el 24 de setembre, un acte de celebraci\u00f3 que t\u00e9 per objectiu promoure les diverses alternatives de transport i movilidad.se iniciar\u00e0 a les 11,00 hores en l&#8217;Avinguda Raval on, a m\u00e9s d&#8217;expositors relacionats amb la mobilitat sostenible, hi haur\u00e0 una concentraci\u00f3 de ve\u00efns amb bicicletes, monopatins i patinets per a posteriorment iniciar una ruta pel nucli urb\u00e0.<\/p>\n\n\n\n<p class=\"wp-block-paragraph\">El Dia mundial sense cotxe \u00e9s una efem\u00e8ride que pret\u00e9n promoure una consci\u00e8ncia ecol\u00f2gica en els ciutadans del m\u00f3n, contribuint a cura de la salut de les persones i del medi ambient.<\/p>\n\n\n\n<p class=\"wp-block-paragraph\">L&#8217;\u00fas del cotxe ens facilita la vida en poder traslladar-nos amb comoditat d&#8217;un lloc a un altre, per\u00f2 l&#8217;increment de la quantitat de vehicles circulant en les grans ciutats augmenta significativament la seua petjada de carboni, ocasionant danys irreparables a la capa d&#8217;oz\u00f3.<\/p>\n\n\n\n<p class=\"wp-block-paragraph\">El tr\u00e0nsit rodat contribueix a l&#8217;emissi\u00f3 de gasos i part\u00edcules altament nocives generades pels motors de combusti\u00f3 interna dels vehicles, com ara mon\u00f2xid de carboni (CO), di\u00f2xid de carboni (CO\u2082) i \u00f2xids nitrosos (NOx).<\/p>\n","protected":false},"excerpt":{"rendered":"<div class=\"mh-excerpt\">Amb motiu del &#8220;dia sense cotxe&#8221;, l&#8217;Ajuntament de Requena organitzar\u00e0 el 24 de setembre, un acte de celebraci\u00f3 que t\u00e9 per objectiu promoure les diverses alternatives de transport i movilidad.se iniciar\u00e0 a les 11,00 hores <a class=\"mh-excerpt-more\" href=\"https:\/\/tucomarca.whitekongsoftware.com\/ca\/lajuntament-de-requena-se-suma-a-la-celebracio-del-dia-sense-cotxe\/\" title=\"L&#8217;Ajuntament de Requena se suma a la celebraci\u00f3 del &#8220;dia sense cotxe&#8221;\">[+] <\/a><\/div>\n","protected":false},"author":13,"featured_media":96733,"comment_status":"open","ping_status":"open","sticky":false,"template":"","format":"standard","meta":{"footnotes":""},"categories":[11019,10948,10894,10903,10947,10908,10909,10896],"tags":[12166,11099,10910],"class_list":["post-197692","post","type-post","status-publish","format-standard","has-post-thumbnail","category-agenda-ca","category-infraestructuras-ca","category-la-comarca-ca","category-medio-ambiente-la-comarca-ca","category-politica","category-requena-ca","category-requena-utiel-ca","category-seccion-ca","tag-medio-ambiente-ca","tag-requena-ca","tag-requena-utiel-ca"],"_links":{"self":[{"href":"https:\/\/tucomarca.whitekongsoftware.com\/ca\/wp-json\/wp\/v2\/posts\/197692","targetHints":{"allow":["GET"]}}],"collection":[{"href":"https:\/\/tucomarca.whitekongsoftware.com\/ca\/wp-json\/wp\/v2\/posts"}],"about":[{"href":"https:\/\/tucomarca.whitekongsoftware.com\/ca\/wp-json\/wp\/v2\/types\/post"}],"author":[{"embeddable":true,"href":"https:\/\/tucomarca.whitekongsoftware.com\/ca\/wp-json\/wp\/v2\/users\/13"}],"replies":[{"embeddable":true,"href":"https:\/\/tucomarca.whitekongsoftware.com\/ca\/wp-json\/wp\/v2\/comments?post=197692"}],"version-history":[{"count":0,"href":"https:\/\/tucomarca.whitekongsoftware.com\/ca\/wp-json\/wp\/v2\/posts\/197692\/revisions"}],"wp:featuredmedia":[{"embeddable":true,"href":"https:\/\/tucomarca.whitekongsoftware.com\/ca\/wp-json\/wp\/v2\/media\/96733"}],"wp:attachment":[{"href":"https:\/\/tucomarca.whitekongsoftware.com\/ca\/wp-json\/wp\/v2\/media?parent=197692"}],"wp:term":[{"taxonomy":"category","embeddable":true,"href":"https:\/\/tucomarca.whitekongsoftware.com\/ca\/wp-json\/wp\/v2\/categories?post=197692"},{"taxonomy":"post_tag","embeddable":true,"href":"https:\/\/tucomarca.whitekongsoftware.com\/ca\/wp-json\/wp\/v2\/tags?post=197692"}],"curies":[{"name":"wp","href":"https:\/\/api.w.org\/{rel}","templated":true}]}}