{"id":197677,"date":"2023-09-11T12:00:00","date_gmt":"2023-09-11T10:00:00","guid":{"rendered":"https:\/\/www.tucomarca.com\/wordpress\/segunda\/?p=197677"},"modified":"2023-09-11T13:06:02","modified_gmt":"2023-09-11T11:06:02","slug":"video-el-himno-de-los-feos-cierra-la-fiesta-del-manton-2023-durante-la-feria-y-fiestas-de-bunol","status":"publish","type":"post","link":"https:\/\/tucomarca.whitekongsoftware.com\/ca\/video-el-himno-de-los-feos-cierra-la-fiesta-del-manton-2023-durante-la-feria-y-fiestas-de-bunol\/","title":{"rendered":"V\u00eddeo: l&#8221;Himne de Los Feos&#8217; tanca la Festa del Mant\u00f3 2023 durant la Fira i Festes de Bunyol"},"content":{"rendered":"\n<figure class=\"wp-block-embed is-type-video is-provider-youtube wp-block-embed-youtube wp-embed-aspect-16-9 wp-has-aspect-ratio\"><div class=\"wp-block-embed__wrapper\">\n<iframe loading=\"lazy\" title=\"V\u00eddeo: el &#039;Himno de Los Feos&#039; cierra la Fiesta del Mant\u00f3n 2023 durante la Feria y Fiestas de Bu\u00f1ol\" width=\"500\" height=\"281\" src=\"https:\/\/www.youtube.com\/embed\/WQxUuNDNbbM?feature=oembed\" frameborder=\"0\" allow=\"accelerometer; autoplay; clipboard-write; encrypted-media; gyroscope; picture-in-picture; web-share\" referrerpolicy=\"strict-origin-when-cross-origin\" allowfullscreen><\/iframe>\n<\/div><\/figure>\n\n\n\n<p class=\"wp-block-paragraph\">Recordem com amb el cant del &#8220;Himne de <strong>Los Feos<\/strong>&#8221; es va tancar la jornada festiva del Dia del Mant\u00f3, com \u00e9s tradicional, davant les portes del local social Rosers i davant la junta directiva, les Reines aix\u00ed com la massa social de la Societat Musical &#8220;<strong>L&#8217;Art\u00edstica<\/strong>&#8221; de Bunyol.<\/p>\n","protected":false},"excerpt":{"rendered":"<div class=\"mh-excerpt\">Recordem com amb el cant del &#8220;Himne de Los Feos&#8221; es va tancar la jornada festiva del Dia del Mant\u00f3, com \u00e9s tradicional, davant les portes del local social Rosers i davant la junta directiva, <a class=\"mh-excerpt-more\" href=\"https:\/\/tucomarca.whitekongsoftware.com\/ca\/video-el-himno-de-los-feos-cierra-la-fiesta-del-manton-2023-durante-la-feria-y-fiestas-de-bunol\/\" title=\"V\u00eddeo: l&#8221;Himne de Los Feos&#8217; tanca la Festa del Mant\u00f3 2023 durant la Fira i Festes de Bunyol\">[+] <\/a><\/div>\n","protected":false},"author":1,"featured_media":197675,"comment_status":"open","ping_status":"open","sticky":false,"template":"","format":"video","meta":{"footnotes":""},"categories":[10911,11005,10898,10894,10904,10912,11004,11007,11008,10896,11062],"tags":[17325,10913,11177,11068,10914],"class_list":["post-197677","post","type-post","status-publish","format-video","has-post-thumbnail","category-bunol-ca","category-canal-musica","category-ventana-ca","category-la-comarca-ca","category-sin-categorizar-ca","category-la-hoya-ca","category-la-semana-en-imagenes-ca","category-ocio-y-cultura-ca","category-pueblos-en-fiestas-ca","category-seccion-ca","category-videos","tag-2023-ca","tag-bunol-ca","tag-fira-y-festes","tag-la-artistica-ca","tag-la-hoya-de-bunol-chiva-ca","post_format-post-format-video"],"_links":{"self":[{"href":"https:\/\/tucomarca.whitekongsoftware.com\/ca\/wp-json\/wp\/v2\/posts\/197677","targetHints":{"allow":["GET"]}}],"collection":[{"href":"https:\/\/tucomarca.whitekongsoftware.com\/ca\/wp-json\/wp\/v2\/posts"}],"about":[{"href":"https:\/\/tucomarca.whitekongsoftware.com\/ca\/wp-json\/wp\/v2\/types\/post"}],"author":[{"embeddable":true,"href":"https:\/\/tucomarca.whitekongsoftware.com\/ca\/wp-json\/wp\/v2\/users\/1"}],"replies":[{"embeddable":true,"href":"https:\/\/tucomarca.whitekongsoftware.com\/ca\/wp-json\/wp\/v2\/comments?post=197677"}],"version-history":[{"count":0,"href":"https:\/\/tucomarca.whitekongsoftware.com\/ca\/wp-json\/wp\/v2\/posts\/197677\/revisions"}],"wp:featuredmedia":[{"embeddable":true,"href":"https:\/\/tucomarca.whitekongsoftware.com\/ca\/wp-json\/wp\/v2\/media\/197675"}],"wp:attachment":[{"href":"https:\/\/tucomarca.whitekongsoftware.com\/ca\/wp-json\/wp\/v2\/media?parent=197677"}],"wp:term":[{"taxonomy":"category","embeddable":true,"href":"https:\/\/tucomarca.whitekongsoftware.com\/ca\/wp-json\/wp\/v2\/categories?post=197677"},{"taxonomy":"post_tag","embeddable":true,"href":"https:\/\/tucomarca.whitekongsoftware.com\/ca\/wp-json\/wp\/v2\/tags?post=197677"}],"curies":[{"name":"wp","href":"https:\/\/api.w.org\/{rel}","templated":true}]}}