{"id":197387,"date":"2023-09-08T12:00:00","date_gmt":"2023-09-08T10:00:00","guid":{"rendered":"https:\/\/www.tucomarca.com\/wordpress\/segunda\/?p=197387"},"modified":"2023-09-08T13:43:40","modified_gmt":"2023-09-08T11:43:40","slug":"la-banda-municipal-de-pamplona-estrena-una-obra-de-saul-gomez-davant-els-reis-despanya-composta-per-al-600-aniversari-de-la-ciutat","status":"publish","type":"post","link":"https:\/\/tucomarca.whitekongsoftware.com\/ca\/la-banda-municipal-de-pamplona-estrena-una-obra-de-saul-gomez-davant-els-reis-despanya-composta-per-al-600-aniversari-de-la-ciutat\/","title":{"rendered":"La Banda Municipal de Pamplona estrena una obra de Sa\u00fcl G\u00f3mez davant els Reis d&#8217;Espanya composta per al 600 aniversari de la ciutat"},"content":{"rendered":"\n<p class=\"wp-block-paragraph\">La Banda Municipal de Pamplona, \u201cLa Pamplonesa\u201d estrena aquest divendres l&#8217;obra composta pel director del Centre Instructiu Musical &#8220;L&#8217;Arm\u00f2nica&#8221; de Bunyol, Sa\u00fcl G\u00f3mez, dedicada al 600 Aniversari del \u2018Privilegi de la Uni\u00f3\u2019 que va suposar la creaci\u00f3 del municipi de Pamplona.<\/p>\n\n\n\n<p class=\"wp-block-paragraph\">La pe\u00e7a ha sigut encarregada per l&#8217;Ajuntament de Pamplona al compositor d&#8217;Ontinyent i director titular de la banda simf\u00f2nica de &#8220;El Litre&#8221; i s&#8217;estrena aquest divendres en un concert que ofereix la Banda Municipal de Pamplona, \u201cLa Pamplonesa\u201d, dirigida per Vicent Egea, en una audici\u00f3 que tindr\u00e0 lloc en la Pla\u00e7a del Castell. Al concert s&#8217;espera la pres\u00e8ncia dels Reis d&#8217;Espanya, Don Felipe i Donya Leticia.<\/p>\n\n\n\n<p class=\"wp-block-paragraph\">L&#8217;obra que ha compost Sa\u00fcl G\u00f3mez \u00e9s una creaci\u00f3 innovadora dins del seu ampli ventall fins ara, perqu\u00e8 es tracta d&#8217;una obertura de concert que, a m\u00e9s segons els requisits de l&#8217;enc\u00e0rrec, ha de ser una marxa que puga servir per a desfilar pel carrer. La pe\u00e7a \u2018Unida pel privilegi\u2019, d&#8217;uns huit minuts de duraci\u00f3, aproximadament, ser\u00e0 escoltada per primera vegada pel p\u00fablic de la ciutat a la qual va dirigida.<\/p>\n\n\n\n<p class=\"wp-block-paragraph\">Els actes del \u2018600 Aniversari del Privilegi de la Uni\u00f3-Pamplona ens uneix\u2019 rememoren la unificaci\u00f3 dels tres burgs que existien en la capital navarresa: Navarrer\u00eda, San Cernin i la Poblaci\u00f3 de Sant Nicol\u00e1s que es van reunir en una sola entitat despr\u00e9s de segles de litigis i conflictes entre ells.<\/p>\n","protected":false},"excerpt":{"rendered":"<div class=\"mh-excerpt\">La Banda Municipal de Pamplona, \u201cLa Pamplonesa\u201d estrena aquest divendres l&#8217;obra composta pel director del Centre Instructiu Musical &#8220;L&#8217;Arm\u00f2nica&#8221; de Bunyol, Sa\u00fcl G\u00f3mez, dedicada al 600 Aniversari del \u2018Privilegi de la Uni\u00f3\u2019 que va suposar <a class=\"mh-excerpt-more\" href=\"https:\/\/tucomarca.whitekongsoftware.com\/ca\/la-banda-municipal-de-pamplona-estrena-una-obra-de-saul-gomez-davant-els-reis-despanya-composta-per-al-600-aniversari-de-la-ciutat\/\" title=\"La Banda Municipal de Pamplona estrena una obra de Sa\u00fcl G\u00f3mez davant els Reis d&#8217;Espanya composta per al 600 aniversari de la ciutat\">[+] <\/a><\/div>\n","protected":false},"author":12,"featured_media":197376,"comment_status":"open","ping_status":"open","sticky":false,"template":"","format":"standard","meta":{"footnotes":""},"categories":[10911,11005,10898,10894,10912,11007,10896],"tags":[10913,11774,11769,10914,15091],"class_list":["post-197387","post","type-post","status-publish","format-standard","has-post-thumbnail","category-bunol-ca","category-canal-musica","category-ventana-ca","category-la-comarca-ca","category-la-hoya-ca","category-ocio-y-cultura-ca","category-seccion-ca","tag-bunol-ca","tag-el-litro-ca","tag-la-armonica-ca","tag-la-hoya-de-bunol-chiva-ca","tag-saul-gomez-soler-ca"],"_links":{"self":[{"href":"https:\/\/tucomarca.whitekongsoftware.com\/ca\/wp-json\/wp\/v2\/posts\/197387","targetHints":{"allow":["GET"]}}],"collection":[{"href":"https:\/\/tucomarca.whitekongsoftware.com\/ca\/wp-json\/wp\/v2\/posts"}],"about":[{"href":"https:\/\/tucomarca.whitekongsoftware.com\/ca\/wp-json\/wp\/v2\/types\/post"}],"author":[{"embeddable":true,"href":"https:\/\/tucomarca.whitekongsoftware.com\/ca\/wp-json\/wp\/v2\/users\/12"}],"replies":[{"embeddable":true,"href":"https:\/\/tucomarca.whitekongsoftware.com\/ca\/wp-json\/wp\/v2\/comments?post=197387"}],"version-history":[{"count":0,"href":"https:\/\/tucomarca.whitekongsoftware.com\/ca\/wp-json\/wp\/v2\/posts\/197387\/revisions"}],"wp:featuredmedia":[{"embeddable":true,"href":"https:\/\/tucomarca.whitekongsoftware.com\/ca\/wp-json\/wp\/v2\/media\/197376"}],"wp:attachment":[{"href":"https:\/\/tucomarca.whitekongsoftware.com\/ca\/wp-json\/wp\/v2\/media?parent=197387"}],"wp:term":[{"taxonomy":"category","embeddable":true,"href":"https:\/\/tucomarca.whitekongsoftware.com\/ca\/wp-json\/wp\/v2\/categories?post=197387"},{"taxonomy":"post_tag","embeddable":true,"href":"https:\/\/tucomarca.whitekongsoftware.com\/ca\/wp-json\/wp\/v2\/tags?post=197387"}],"curies":[{"name":"wp","href":"https:\/\/api.w.org\/{rel}","templated":true}]}}