{"id":197194,"date":"2023-09-06T13:13:00","date_gmt":"2023-09-06T11:13:00","guid":{"rendered":"https:\/\/www.tucomarca.com\/wordpress\/segunda\/?p=197194"},"modified":"2023-09-06T19:41:16","modified_gmt":"2023-09-06T17:41:16","slug":"susana-camarero-es-reuneix-amb-lalcalde-de-vilamarxant-per-a-abordar-questions-de-caracter-social-del-municipi","status":"publish","type":"post","link":"https:\/\/tucomarca.whitekongsoftware.com\/ca\/susana-camarero-es-reuneix-amb-lalcalde-de-vilamarxant-per-a-abordar-questions-de-caracter-social-del-municipi\/","title":{"rendered":"Susana Camarero es reuneix amb l&#8217;alcalde de Vilamarxant per a abordar q\u00fcestions de car\u00e0cter social del municipi"},"content":{"rendered":"\n<p class=\"wp-block-paragraph\"><strong>En la trobada s&#8217;han tractat necessitats d&#8217;infraestructures, l&#8217;acc\u00e9s a l&#8217;habitatge i altres temes socials<\/strong><\/p>\n\n\n\n<p class=\"wp-block-paragraph\">La vicepresidenta segona i consellera de Serveis Socials, Igualtat i Habitatge, Susana Camarero, s&#8217;ha reunit amb l&#8217;alcalde de Vilamarxant, H\u00e9ctor Troyano, durant una trobada en el qual s&#8217;han abordat diferents aspectes de car\u00e0cter social com a infraestructures, necessitats per a la poblaci\u00f3 del municipi i altres q\u00fcestions referents a l&#8217;habitatge.<\/p>\n\n\n\n<p class=\"wp-block-paragraph\">Aix\u00ed mateix, s&#8217;ha tractat la col\u00b7laboraci\u00f3 entre totes dues administracions p\u00fabliques en mat\u00e8ria d&#8217;atenci\u00f3 prim\u00e0ria de serveis socials de l&#8217;Ajuntament.<\/p>\n\n\n\n<p class=\"wp-block-paragraph\">La trobada, al qual ha assistit tamb\u00e9 el director general de Diversitat, Stephane Soriano, s&#8217;emmarca en la ronda de contactes institucionals que est\u00e0 mantenint la vicepresidenta segona del Consell.<\/p>\n","protected":false},"excerpt":{"rendered":"<div class=\"mh-excerpt\">En la trobada s&#8217;han tractat necessitats d&#8217;infraestructures, l&#8217;acc\u00e9s a l&#8217;habitatge i altres temes socials La vicepresidenta segona i consellera de Serveis Socials, Igualtat i Habitatge, Susana Camarero, s&#8217;ha reunit amb l&#8217;alcalde de Vilamarxant, H\u00e9ctor Troyano, <a class=\"mh-excerpt-more\" href=\"https:\/\/tucomarca.whitekongsoftware.com\/ca\/susana-camarero-es-reuneix-amb-lalcalde-de-vilamarxant-per-a-abordar-questions-de-caracter-social-del-municipi\/\" title=\"Susana Camarero es reuneix amb l&#8217;alcalde de Vilamarxant per a abordar q\u00fcestions de car\u00e0cter social del municipi\">[+] <\/a><\/div>\n","protected":false},"author":13,"featured_media":197192,"comment_status":"open","ping_status":"open","sticky":false,"template":"","format":"standard","meta":{"footnotes":""},"categories":[10892,10948,10894,10947,10896,10927],"tags":[10899,11140,19643,11064],"class_list":["post-197194","post","type-post","status-publish","format-standard","has-post-thumbnail","category-camp-de-turia-ca","category-infraestructuras-ca","category-la-comarca-ca","category-politica","category-seccion-ca","category-vilamarxant-ca","tag-camp-de-turia-ca","tag-politica-ca","tag-social-ca","tag-villamarxant-ca"],"_links":{"self":[{"href":"https:\/\/tucomarca.whitekongsoftware.com\/ca\/wp-json\/wp\/v2\/posts\/197194","targetHints":{"allow":["GET"]}}],"collection":[{"href":"https:\/\/tucomarca.whitekongsoftware.com\/ca\/wp-json\/wp\/v2\/posts"}],"about":[{"href":"https:\/\/tucomarca.whitekongsoftware.com\/ca\/wp-json\/wp\/v2\/types\/post"}],"author":[{"embeddable":true,"href":"https:\/\/tucomarca.whitekongsoftware.com\/ca\/wp-json\/wp\/v2\/users\/13"}],"replies":[{"embeddable":true,"href":"https:\/\/tucomarca.whitekongsoftware.com\/ca\/wp-json\/wp\/v2\/comments?post=197194"}],"version-history":[{"count":0,"href":"https:\/\/tucomarca.whitekongsoftware.com\/ca\/wp-json\/wp\/v2\/posts\/197194\/revisions"}],"wp:featuredmedia":[{"embeddable":true,"href":"https:\/\/tucomarca.whitekongsoftware.com\/ca\/wp-json\/wp\/v2\/media\/197192"}],"wp:attachment":[{"href":"https:\/\/tucomarca.whitekongsoftware.com\/ca\/wp-json\/wp\/v2\/media?parent=197194"}],"wp:term":[{"taxonomy":"category","embeddable":true,"href":"https:\/\/tucomarca.whitekongsoftware.com\/ca\/wp-json\/wp\/v2\/categories?post=197194"},{"taxonomy":"post_tag","embeddable":true,"href":"https:\/\/tucomarca.whitekongsoftware.com\/ca\/wp-json\/wp\/v2\/tags?post=197194"}],"curies":[{"name":"wp","href":"https:\/\/api.w.org\/{rel}","templated":true}]}}