{"id":197186,"date":"2023-09-06T12:30:00","date_gmt":"2023-09-06T10:30:00","guid":{"rendered":"https:\/\/www.tucomarca.com\/wordpress\/segunda\/?p=197186"},"modified":"2023-09-06T19:36:32","modified_gmt":"2023-09-06T17:36:32","slug":"xest-convoca-les-beques-de-larea-de-cultura-del-curs-2023-24","status":"publish","type":"post","link":"https:\/\/tucomarca.whitekongsoftware.com\/ca\/xest-convoca-les-beques-de-larea-de-cultura-del-curs-2023-24\/","title":{"rendered":"Xest convoca les beques de l&#8217;\u00e0rea de Cultura del curs 2023-24"},"content":{"rendered":"\n<p class=\"wp-block-paragraph\">La Regidoria de Cultura informa que el termini per a sol\u00b7licitar les beques de col\u00b7laboraci\u00f3 en les activitats generals de l&#8217;\u00e0rea de Cultura per al curs 2023-2024 comen\u00e7ar\u00e0 el pr\u00f2xim 11 de setembre i romandr\u00e0 obert fins al 25 de setembre de 2023.<\/p>\n\n\n\n<p class=\"wp-block-paragraph\">Es convoquen 6 beques amb una dotaci\u00f3 de 1.155 euros bruts cadascuna i 210 hores a realitzar. Podran optar a aquestes beques les persones que estiguen matriculades com a alumnes o alumnes oficials durant el curs 2023-24 en estudis universitaris, en la seua primera titulaci\u00f3 universit\u00e0ria (admetent en el seu cas segons cicles o M\u00e0sters Oficials que complementen aquests estudis) i Batxillerat o equivalents.<\/p>\n\n\n\n<p class=\"wp-block-paragraph\">A m\u00e9s d&#8217;aix\u00f2, hauran de reunir els seg\u00fcents&nbsp;requisits:<\/p>\n\n\n\n<p class=\"wp-block-paragraph\">&#8211; Haver aprovat el curs anterior.<\/p>\n\n\n\n<ul class=\"wp-block-list\"><li>Tindre complits els 18 anys.&nbsp;<\/li><li>Estar empadronat\/a a Xest amb anterioritat a la publicaci\u00f3 de les bases.<\/li><\/ul>\n\n\n\n<p class=\"wp-block-paragraph\">&#8211; Disponibilitat hor\u00e0ria els caps de setmana per a col\u00b7laborar en les activitats culturals i entre setmana per a donar suport en tasques com a preparaci\u00f3 d&#8217;exposicions, penjat de cartells, suport a la biblioteca, etc.<\/p>\n\n\n\n<p class=\"wp-block-paragraph\">&#8211; No exercir actualment cap treball remunerat, ni percebre ingressos per desocupaci\u00f3.<\/p>\n\n\n\n<p class=\"wp-block-paragraph\">&#8211; No haver sigut beneficiari d&#8217;aquestes beques en dues ocasions.&nbsp;<\/p>\n\n\n\n<p class=\"wp-block-paragraph\">Els i les aspirants a la beca sol\u00b7licitaran les mateixes mitjan\u00e7ant formulari de sol\u00b7licitud dirigit a l&#8217;Alcalde-President de l&#8217;Ajuntament, per registre d&#8217;entrada de l&#8217;Ajuntament i s&#8217;acompanyar\u00e0 de la seg\u00fcent <strong>documentaci\u00f3<\/strong>:<\/p>\n\n\n\n<p class=\"wp-block-paragraph\">1. Fotoc\u00f2pia del DNI o passaport.<\/p>\n\n\n\n<p class=\"wp-block-paragraph\">2. Document acreditatiu o fotoc\u00f2pia compulsada de matr\u00edcula acad\u00e8mica en el curs 2023-24 i horaris del curs.<\/p>\n\n\n\n<p class=\"wp-block-paragraph\">3. Certificat d&#8217;expedient: resultats acad\u00e8mics dels estudis realitzats en el curs anterior.<\/p>\n\n\n\n<p class=\"wp-block-paragraph\">4. Fotoc\u00f2pia compulsada dels cursos realitzats per la persona interessada (imprescindible que estiguen especificats per hores).<\/p>\n\n\n\n<p class=\"wp-block-paragraph\">5. Fotoc\u00f2pia compulsada de la declaraci\u00f3 de la Renda de 2022 de tots els membres de la unitat familiar on estiga inclosa la persona sol\u00b7licitant, o certificat d&#8217;Hisenda de no haver realitzat la declaraci\u00f3 de la Renda per no haver arribat al m\u00ednim establit.<\/p>\n\n\n\n<p class=\"wp-block-paragraph\">6. Certificat negatiu d&#8217;alta en la Seguretat Social.&nbsp;<\/p>\n\n\n\n<p class=\"wp-block-paragraph\">7. Certificat negatiu del SEPE (Servei P\u00fablic d&#8217;Ocupaci\u00f3 Estatal) de percepci\u00f3 de prestacions.&nbsp;<\/p>\n\n\n\n<p class=\"wp-block-paragraph\">8. Comprom\u00eds de disponibilitat hor\u00e0ria contemplat en le Annex II de les bases.<\/p>\n","protected":false},"excerpt":{"rendered":"<div class=\"mh-excerpt\">La Regidoria de Cultura informa que el termini per a sol\u00b7licitar les beques de col\u00b7laboraci\u00f3 en les activitats generals de l&#8217;\u00e0rea de Cultura per al curs 2023-2024 comen\u00e7ar\u00e0 el pr\u00f2xim 11 de setembre i romandr\u00e0 <a class=\"mh-excerpt-more\" href=\"https:\/\/tucomarca.whitekongsoftware.com\/ca\/xest-convoca-les-beques-de-larea-de-cultura-del-curs-2023-24\/\" title=\"Xest convoca les beques de l&#8217;\u00e0rea de Cultura del curs 2023-24\">[+] <\/a><\/div>\n","protected":false},"author":13,"featured_media":122754,"comment_status":"open","ping_status":"open","sticky":false,"template":"","format":"standard","meta":{"footnotes":""},"categories":[11019,10894,10912,11007,10896,10974],"tags":[11071,12194,12114,10914],"class_list":["post-197186","post","type-post","status-publish","format-standard","has-post-thumbnail","category-agenda-ca","category-la-comarca-ca","category-la-hoya-ca","category-ocio-y-cultura-ca","category-seccion-ca","category-cheste-ca","tag-cheste","tag-cultura-ca","tag-educacion-ca","tag-la-hoya-de-bunol-chiva-ca"],"_links":{"self":[{"href":"https:\/\/tucomarca.whitekongsoftware.com\/ca\/wp-json\/wp\/v2\/posts\/197186","targetHints":{"allow":["GET"]}}],"collection":[{"href":"https:\/\/tucomarca.whitekongsoftware.com\/ca\/wp-json\/wp\/v2\/posts"}],"about":[{"href":"https:\/\/tucomarca.whitekongsoftware.com\/ca\/wp-json\/wp\/v2\/types\/post"}],"author":[{"embeddable":true,"href":"https:\/\/tucomarca.whitekongsoftware.com\/ca\/wp-json\/wp\/v2\/users\/13"}],"replies":[{"embeddable":true,"href":"https:\/\/tucomarca.whitekongsoftware.com\/ca\/wp-json\/wp\/v2\/comments?post=197186"}],"version-history":[{"count":0,"href":"https:\/\/tucomarca.whitekongsoftware.com\/ca\/wp-json\/wp\/v2\/posts\/197186\/revisions"}],"wp:featuredmedia":[{"embeddable":true,"href":"https:\/\/tucomarca.whitekongsoftware.com\/ca\/wp-json\/wp\/v2\/media\/122754"}],"wp:attachment":[{"href":"https:\/\/tucomarca.whitekongsoftware.com\/ca\/wp-json\/wp\/v2\/media?parent=197186"}],"wp:term":[{"taxonomy":"category","embeddable":true,"href":"https:\/\/tucomarca.whitekongsoftware.com\/ca\/wp-json\/wp\/v2\/categories?post=197186"},{"taxonomy":"post_tag","embeddable":true,"href":"https:\/\/tucomarca.whitekongsoftware.com\/ca\/wp-json\/wp\/v2\/tags?post=197186"}],"curies":[{"name":"wp","href":"https:\/\/api.w.org\/{rel}","templated":true}]}}