{"id":197153,"date":"2023-09-06T12:00:00","date_gmt":"2023-09-06T10:00:00","guid":{"rendered":"https:\/\/www.tucomarca.com\/wordpress\/segunda\/?p=197153"},"modified":"2023-09-06T18:29:43","modified_gmt":"2023-09-06T16:29:43","slug":"es-confirma-lavancament-de-la-verema-en-la-do-valencia","status":"publish","type":"post","link":"https:\/\/tucomarca.whitekongsoftware.com\/ca\/es-confirma-lavancament-de-la-verema-en-la-do-valencia\/","title":{"rendered":"Es confirma l&#8217;avan\u00e7ament de la verema en la DO Val\u00e8ncia"},"content":{"rendered":"\n<p class=\"wp-block-paragraph\">El canvi clim\u00e0tic est\u00e0 canviant les din\u00e0miques del camp i modificant els temps de verema.<\/p>\n\n\n\n<p class=\"wp-block-paragraph\">Una primavera excessivament seca que feia perillar la producci\u00f3 i unes pluges al maig que, si b\u00e9 tardanes, van ser molt esperades, deixen com a resultat una campanya molt m\u00e9s primerenca, una mica m\u00e9s escassa en quilos per\u00f2 amb un ra\u00efm de molt bona qualitat ja que l&#8217;abs\u00e8ncia d&#8217;humitat ha perm\u00e9s evitar malalties com el M\u00edldiu o l&#8217;O\u00efdi.<\/p>\n\n\n\n<p class=\"wp-block-paragraph\">Cellers de la subzona Moscatell com Reymos, La Baronia de Tor\u00eds o Godelleta iniciaven la setmana passada la verema amb uns dies d&#8217;avan\u00e7ament respecte a altres campanyes per a protegir l&#8217;excel\u00b7lent qualitat del seu ra\u00efm enfront dels temuts efectes de la pluja que, a hores d&#8217;ara de l&#8217;any, es presentava inoportuna. Afortunadament la intensitat d&#8217;aquesta no ha sigut la prevista i no ha produ\u00eft cap mal en la vinya. Segons paraules del propi F. Garcia Bieco, responsable en Cellers Reymos, \u201cla Moscatell arriba a setembre en condicions extraordin\u00e0ries\u201d, si b\u00e9 s&#8217;espera un minvament en la producci\u00f3 d&#8217;al voltant del 20%, una cosa molt dif\u00edcil de determinar amb exactitud fins que finalitze la collita, cosa que no ocorrer\u00e0 fins a finals de setembre o principis d&#8217;octubre.<\/p>\n\n\n\n<p class=\"wp-block-paragraph\">En l&#8217;Alt T\u00faria, la verema ha comen\u00e7at en cellers com Baldovar 923 amb les negres Ull de llebre i Menc\u00eda i est\u00e0 previst continue la setmana pr\u00f2xima amb Moscatell de gra menut en Cellers Polo Monle\u00f3n per a finalitzar amb la seua varietat estrela, la Merseguera. Aix\u00f2 suposa un avan\u00e7ament de dues setmanes en la verema respecte a l&#8217;any anterior i un mes respecte a les tradicionals dates.<\/p>\n\n\n\n<p class=\"wp-block-paragraph\">La sanitat del ra\u00efm, igual que ocorre amb la Moscatell \u00e9s molt bona. S&#8217;espera un any de major grau alcoh\u00f2lic i menor acidesa que la passada campanya. Sent la reducci\u00f3 en la producci\u00f3 una mica major que en la subzona Moscatell degut a la sequera i al moment en qu\u00e8 s&#8217;han produ\u00eft les pluges, aconseguint fins al 40 per cent segons fonts consultades.<\/p>\n\n\n\n<p class=\"wp-block-paragraph\">Aquesta situaci\u00f3 ha perm\u00e9s que els preus es mantinguen estables i fins i tot pugen lleugerament en el cas de parcel\u00b7les seleccionades en un mercat que travessa un dur moment castigat per l&#8217;increment dels costos de producci\u00f3, les pol\u00edtiques europees, el context geopol\u00edtic i el canvi clim\u00e0tic. Informa, <strong>Luis Ib\u00e1\u00f1ez<\/strong>.<\/p>\n","protected":false},"excerpt":{"rendered":"<div class=\"mh-excerpt\">El canvi clim\u00e0tic est\u00e0 canviant les din\u00e0miques del camp i modificant els temps de verema. Una primavera excessivament seca que feia perillar la producci\u00f3 i unes pluges al maig que, si b\u00e9 tardanes, van ser <a class=\"mh-excerpt-more\" href=\"https:\/\/tucomarca.whitekongsoftware.com\/ca\/es-confirma-lavancament-de-la-verema-en-la-do-valencia\/\" title=\"Es confirma l&#8217;avan\u00e7ament de la verema en la DO Val\u00e8ncia\">[+] <\/a><\/div>\n","protected":false},"author":13,"featured_media":197159,"comment_status":"open","ping_status":"open","sticky":false,"template":"","format":"standard","meta":{"footnotes":""},"categories":[10890,10905,10951,10892,11006,11046,10898,10948,10894,10904,10912,10902,10903,11007,10909,10896],"tags":[11309,12673],"class_list":["post-197153","post","type-post","status-publish","format-standard","has-post-thumbnail","category-ademus","category-agricultura-la-comarca-ca","category-ayora-cofrentes-ca","category-camp-de-turia-ca","category-canal-vinos","category-los-serranos-ca","category-ventana-ca","category-infraestructuras-ca","category-la-comarca-ca","category-sin-categorizar-ca","category-la-hoya-ca","category-la-ribera-ca","category-medio-ambiente-la-comarca-ca","category-ocio-y-cultura-ca","category-requena-utiel-ca","category-seccion-ca","tag-agricultura-ca","tag-vinos-2-ca"],"_links":{"self":[{"href":"https:\/\/tucomarca.whitekongsoftware.com\/ca\/wp-json\/wp\/v2\/posts\/197153","targetHints":{"allow":["GET"]}}],"collection":[{"href":"https:\/\/tucomarca.whitekongsoftware.com\/ca\/wp-json\/wp\/v2\/posts"}],"about":[{"href":"https:\/\/tucomarca.whitekongsoftware.com\/ca\/wp-json\/wp\/v2\/types\/post"}],"author":[{"embeddable":true,"href":"https:\/\/tucomarca.whitekongsoftware.com\/ca\/wp-json\/wp\/v2\/users\/13"}],"replies":[{"embeddable":true,"href":"https:\/\/tucomarca.whitekongsoftware.com\/ca\/wp-json\/wp\/v2\/comments?post=197153"}],"version-history":[{"count":0,"href":"https:\/\/tucomarca.whitekongsoftware.com\/ca\/wp-json\/wp\/v2\/posts\/197153\/revisions"}],"wp:featuredmedia":[{"embeddable":true,"href":"https:\/\/tucomarca.whitekongsoftware.com\/ca\/wp-json\/wp\/v2\/media\/197159"}],"wp:attachment":[{"href":"https:\/\/tucomarca.whitekongsoftware.com\/ca\/wp-json\/wp\/v2\/media?parent=197153"}],"wp:term":[{"taxonomy":"category","embeddable":true,"href":"https:\/\/tucomarca.whitekongsoftware.com\/ca\/wp-json\/wp\/v2\/categories?post=197153"},{"taxonomy":"post_tag","embeddable":true,"href":"https:\/\/tucomarca.whitekongsoftware.com\/ca\/wp-json\/wp\/v2\/tags?post=197153"}],"curies":[{"name":"wp","href":"https:\/\/api.w.org\/{rel}","templated":true}]}}