{"id":197140,"date":"2023-09-06T09:09:00","date_gmt":"2023-09-06T07:09:00","guid":{"rendered":"https:\/\/www.tucomarca.com\/wordpress\/segunda\/?p=197140"},"modified":"2023-09-06T14:50:51","modified_gmt":"2023-09-06T12:50:51","slug":"un-home-resulta-ferit-en-collidir-el-seu-turisme-amb-una-maquina-vendimiadora-a-utiel","status":"publish","type":"post","link":"https:\/\/tucomarca.whitekongsoftware.com\/ca\/un-home-resulta-ferit-en-collidir-el-seu-turisme-amb-una-maquina-vendimiadora-a-utiel\/","title":{"rendered":"Un home resulta ferit en col\u00b7lidir el seu turisme amb una m\u00e0quina vendimiadora a Utiel"},"content":{"rendered":"\n<h4 class=\"wp-block-heading\">El conductor del turisme, un home de 74 anys, est\u00e0 ingressat amb politraumatisme a l&#8217;hospital de Requena<\/h4>\n\n\n\n<p class=\"wp-block-paragraph\">El conductor d&#8217;un turisme, un home de 74 anys, va resultar ferit aquest dimarts a la nit despr\u00e9s de col\u00b7lidir el seu cotxe i una m\u00e0quina vendimiadora en terme d&#8217;Utiel. El conductor del turisme, de 74 anys, est\u00e0 ingressat amb politraumatisme a l&#8217;hospital de Requena.<\/p>\n\n\n\n<p class=\"wp-block-paragraph\">L&#8217;accident va oc\u00f3rrer la nit d&#8217;aquest dimarts en la carretera CV-470, en terme municipal d&#8217;Utiel, quan tots dos vehicles van xocar sobre les deu de les 22,00 hores.<\/p>\n\n\n\n<p class=\"wp-block-paragraph\">El CICU va mobilitzar una unitat del SAMU i una unitat de SVB. L&#8217;equip m\u00e8dic del SAMU va assistir a l&#8217;home conductor del turisme que presentava politraumatisme.<\/p>\n\n\n\n<p class=\"wp-block-paragraph\">Despr\u00e9s de la seua assist\u00e8ncia en el lloc, el ferit va ser traslladat a l&#8217;hospital de Requena, en l&#8217;ambul\u00e0ncia de suport vital avan\u00e7at.<\/p>\n\n\n\n<h4 class=\"wp-block-heading\"><\/h4>\n","protected":false},"excerpt":{"rendered":"<div class=\"mh-excerpt\">El conductor del turisme, un home de 74 anys, est\u00e0 ingressat amb politraumatisme a l&#8217;hospital de Requena El conductor d&#8217;un turisme, un home de 74 anys, va resultar ferit aquest dimarts a la nit despr\u00e9s <a class=\"mh-excerpt-more\" href=\"https:\/\/tucomarca.whitekongsoftware.com\/ca\/un-home-resulta-ferit-en-collidir-el-seu-turisme-amb-una-maquina-vendimiadora-a-utiel\/\" title=\"Un home resulta ferit en col\u00b7lidir el seu turisme amb una m\u00e0quina vendimiadora a Utiel\">[+] <\/a><\/div>\n","protected":false},"author":12,"featured_media":103136,"comment_status":"open","ping_status":"open","sticky":false,"template":"","format":"standard","meta":{"footnotes":""},"categories":[10905,10898,10948,10894,10909,10896,10897,11059],"tags":[10910,11174],"class_list":["post-197140","post","type-post","status-publish","format-standard","has-post-thumbnail","category-agricultura-la-comarca-ca","category-ventana-ca","category-infraestructuras-ca","category-la-comarca-ca","category-requena-utiel-ca","category-seccion-ca","category-sucesos-la-comarca-ca","category-utiel-ca","tag-requena-utiel-ca","tag-utiel-ca"],"_links":{"self":[{"href":"https:\/\/tucomarca.whitekongsoftware.com\/ca\/wp-json\/wp\/v2\/posts\/197140","targetHints":{"allow":["GET"]}}],"collection":[{"href":"https:\/\/tucomarca.whitekongsoftware.com\/ca\/wp-json\/wp\/v2\/posts"}],"about":[{"href":"https:\/\/tucomarca.whitekongsoftware.com\/ca\/wp-json\/wp\/v2\/types\/post"}],"author":[{"embeddable":true,"href":"https:\/\/tucomarca.whitekongsoftware.com\/ca\/wp-json\/wp\/v2\/users\/12"}],"replies":[{"embeddable":true,"href":"https:\/\/tucomarca.whitekongsoftware.com\/ca\/wp-json\/wp\/v2\/comments?post=197140"}],"version-history":[{"count":0,"href":"https:\/\/tucomarca.whitekongsoftware.com\/ca\/wp-json\/wp\/v2\/posts\/197140\/revisions"}],"wp:featuredmedia":[{"embeddable":true,"href":"https:\/\/tucomarca.whitekongsoftware.com\/ca\/wp-json\/wp\/v2\/media\/103136"}],"wp:attachment":[{"href":"https:\/\/tucomarca.whitekongsoftware.com\/ca\/wp-json\/wp\/v2\/media?parent=197140"}],"wp:term":[{"taxonomy":"category","embeddable":true,"href":"https:\/\/tucomarca.whitekongsoftware.com\/ca\/wp-json\/wp\/v2\/categories?post=197140"},{"taxonomy":"post_tag","embeddable":true,"href":"https:\/\/tucomarca.whitekongsoftware.com\/ca\/wp-json\/wp\/v2\/tags?post=197140"}],"curies":[{"name":"wp","href":"https:\/\/api.w.org\/{rel}","templated":true}]}}