{"id":197128,"date":"2023-09-06T10:00:00","date_gmt":"2023-09-06T08:00:00","guid":{"rendered":"https:\/\/www.tucomarca.com\/wordpress\/segunda\/?p=197128"},"modified":"2023-09-06T15:31:24","modified_gmt":"2023-09-06T13:31:24","slug":"la-artistica-celebra-el-seu-xxxvi-festival-de-bandes-de-musica-vila-de-xiva","status":"publish","type":"post","link":"https:\/\/tucomarca.whitekongsoftware.com\/ca\/la-artistica-celebra-el-seu-xxxvi-festival-de-bandes-de-musica-vila-de-xiva\/","title":{"rendered":"&#8220;La Art\u00edstica&#8221; celebra el seu XXXVI Festival de Bandes de M\u00fasica \u201cVila De Xiva\u201d"},"content":{"rendered":"\n<h4 class=\"wp-block-heading\">Organitzat per la Societat Musical \u201cL&#8217;Art\u00edstica de Xiva\u201c i amb la particiaci\u00f3n de la banda simf\u00f2nica de l&#8217;Agrupaci\u00f3 Musical \u201cSant Indalecio\u201d d&#8217;Almeria<\/h4>\n\n\n\n<p class=\"wp-block-paragraph\">Diumenge passat, 4 de setembre, i davant l&#8217;amena\u00e7a constant de grans precipitacions per la DANA que estava en tota Espanya, es va celebrar el XXXVI Festival de Bandes de M\u00fasica \u201cVila de Xiva\u201d, emmarcat dins de les seues Festes Patronals. Unes hores abans de l&#8217;inici de l&#8217;esdeveniment, i davant les pluges hagudes al mat\u00ed i les amenaces de precipitacions, els presidents i directors de totes dues agrupacions van acordar realitzar la cercavila inicial unint les dues bandes, i aix\u00ed, acurtar el temps de desfilada i minimitzar el risc que la pluja poguera fer acte de pres\u00e8ncia. Va ser un encert i un espectacle veure&#8217;ls desfilar units i sentir-los interpretar el pasdoble de Rafael Talens Pell\u00f3, TER\u00c7 DE QUITES, en un acte de bones relacions i harmonia.<\/p>\n\n\n\n<p class=\"wp-block-paragraph\">Finalitzat la desfilada, la Banda Simf\u00f2nica de l&#8217;Agrupaci\u00f3 Musical \u201cSant Indalecio\u201d va ocupar l&#8217;estrada del Teatre Astoria, i la presentadora de l&#8217;acte, Guadalupe Mart\u00ednez, va donar la benvinguda al concert a la Sra. Alcaldessa de Xiva, regidors de Festes i Cultura i altres membres de la corporaci\u00f3 municipal. Cort Major i Cort Infantil de la Verge del Castell i p\u00fablic en general, i va convidar al regidor de Festes al fet que diguera unes paraules. Sr. Javier Tar\u00edn va agrair la pres\u00e8ncia de la banda convidada i va destacar la gran import\u00e0ncia que tenen les bandes de m\u00fasica, que constitueixen un dels actius culturals m\u00e9s importants de l&#8217;actualitat, a m\u00e9s de representar valors com a companyonia, solidaritat, etc., per a la millora del col\u00b7lectiu. Seguidament, Guadalupe Mart\u00ednez, va llegir el programa que interpretaria l&#8217;A. M. San Indalecio, dirigits pel seu titular, Juan Jos\u00e9 Navarro Hern\u00e1ndez.<\/p>\n\n\n\n<p class=\"wp-block-paragraph\">ANDR\u00c9S CONTRABANDISTA (Pasdoble)\u2026\u2026\u2026\u2026&nbsp;<em>Oscar Navarro<\/em><\/p>\n\n\n\n<p class=\"wp-block-paragraph\">DANSES SIMF\u00d2NIQUES\u2026\u2026\u2026\u2026\u2026\u2026\u2026\u2026\u2026\u2026\u2026\u2026.&nbsp;<em>Yosuke Fukuda<\/em><\/p>\n\n\n\n<p class=\"wp-block-paragraph\"><em>1.- Danses renaixentistes<\/em><\/p>\n\n\n\n<p class=\"wp-block-paragraph\"><em>2.- Tango<\/em><\/p>\n\n\n\n<p class=\"wp-block-paragraph\"><em>3.- Hoedown<\/em><\/p>\n\n\n\n<p class=\"wp-block-paragraph\"><em>4.- Bon-Odori-Uta (espirituals)<\/em><\/p>\n\n\n\n<p class=\"wp-block-paragraph\"><em>5.- Danses del ventre<\/em><\/p>\n\n\n\n<p class=\"wp-block-paragraph\">Els aplaudiments van sonar amb intensitat en cadascuna de les excel\u00b7lents interpretacions d&#8217;aquesta gran banda de m\u00fasica. Finalitzats aquests, un membre de la banda li va entregar un ram de flors al director i li va sol\u00b7licitar els dirigira, com a final de la seua etapa al capdavant de la banda, que es produ\u00efa hui i en aquest acte, el pasdoble, A VOSALTRES, (compost per Juan Jos\u00e9 Navarro i dedicat als m\u00fasics i familiars d&#8217;aquesta Agrupaci\u00f3 Musical) al que va acceptar emocionat.<\/p>\n\n\n\n<p class=\"wp-block-paragraph\">Acabada l&#8217;obra el p\u00fablic que omplia el recinte, posat de piule va aplaudir amb intensitat, i van seguir els aplaudiments quan l&#8217;alcaldessa va entregar a la presidenta de l&#8217;Agrupaci\u00f3 Musical un pergam\u00ed de record d&#8217;aquest Festival, i dues senyoretes de la Cort van imposar a la seua bandera un corbat\u00edn, tamb\u00e9 de record, i el president de &#8220;L&#8217;Art\u00edstica&#8221; de Xiva va entregar la ins\u00edgnia de la Societat al seu director. Per part seua, ells tamb\u00e9 van entregar al president de &#8220;L&#8217;Art\u00edstica&#8221; i al director de la Banda diversos obsequis i productes t\u00edpics d&#8217;Almeria.&nbsp;<\/p>\n\n\n\n<p class=\"wp-block-paragraph\">En la segona part, la presentadora va llegir el programa que interpretaria la \u201cArt\u00edstica de Xiva\u201d, que es componia de les seg\u00fcents obres:<\/p>\n\n\n\n<p class=\"wp-block-paragraph\">PENYA TAURINA \u201cEL TORICO\u201d (Pasdoble)\u2026\u2026..&nbsp;<em>Manuel Morales<\/em><\/p>\n\n\n\n<p class=\"wp-block-paragraph\">Dol\u00e7ainer solista:&nbsp;<em>Jos\u00e9 Manuel Ballester<\/em><\/p>\n\n\n\n<p class=\"wp-block-paragraph\">CHIMO (Marxa mora)\u2026\u2026\u2026\u2026\u2026\u2026\u2026\u2026\u2026\u2026\u2026\u2026\u2026\u2026\u2026&nbsp;<em>J. M. Ferrero<\/em><\/p>\n\n\n\n<p class=\"wp-block-paragraph\">MALAGUENYA DE BARXETA\u2026\u2026\u2026\u2026 (Arr: Azael Tormo)<\/p>\n\n\n\n<p class=\"wp-block-paragraph\">Dol\u00e7ainer:&nbsp;<em>Jos\u00e9 Manuel Ballester<\/em><\/p>\n\n\n\n<p class=\"wp-block-paragraph\">ELS \u00daLTIMS DIES DE TROIA\u2026\u2026\u2026\u2026\u2026\u2026.\u2026\u2026&nbsp;<em>David Rivas<\/em><\/p>\n\n\n\n<p class=\"wp-block-paragraph\">Cada interpretaci\u00f3 va ser molt aplaudida i com a final, el p\u00fablic els va dedicar un intens aplaudiment, posats de vaig piular, a la seua banda, mentre tres membres de la Cort Major i la Cort Infantil, li imposaven un corbat\u00edn a la bandera de L&#8217;Art\u00edstica, en record d&#8217;aqueix esdeveniment.<\/p>\n\n\n\n<p class=\"wp-block-paragraph\"><\/p>\n","protected":false},"excerpt":{"rendered":"<div class=\"mh-excerpt\">Organitzat per la Societat Musical \u201cL&#8217;Art\u00edstica de Xiva\u201c i amb la particiaci\u00f3n de la banda simf\u00f2nica de l&#8217;Agrupaci\u00f3 Musical \u201cSant Indalecio\u201d d&#8217;Almeria Diumenge passat, 4 de setembre, i davant l&#8217;amena\u00e7a constant de grans precipitacions per <a class=\"mh-excerpt-more\" href=\"https:\/\/tucomarca.whitekongsoftware.com\/ca\/la-artistica-celebra-el-seu-xxxvi-festival-de-bandes-de-musica-vila-de-xiva\/\" title=\"&#8220;La Art\u00edstica&#8221; celebra el seu XXXVI Festival de Bandes de M\u00fasica \u201cVila De Xiva\u201d\">[+] <\/a><\/div>\n","protected":false},"author":12,"featured_media":197148,"comment_status":"open","ping_status":"open","sticky":false,"template":"","format":"standard","meta":{"footnotes":""},"categories":[11005,10894,10912,11004,11007,11008,10896,10975],"tags":[11195,10914,14188],"class_list":["post-197128","post","type-post","status-publish","format-standard","has-post-thumbnail","category-canal-musica","category-la-comarca-ca","category-la-hoya-ca","category-la-semana-en-imagenes-ca","category-ocio-y-cultura-ca","category-pueblos-en-fiestas-ca","category-seccion-ca","category-chiva-ca","tag-chiva-ca","tag-la-hoya-de-bunol-chiva-ca","tag-sm-la-artistica-de-chiva-2-ca"],"_links":{"self":[{"href":"https:\/\/tucomarca.whitekongsoftware.com\/ca\/wp-json\/wp\/v2\/posts\/197128","targetHints":{"allow":["GET"]}}],"collection":[{"href":"https:\/\/tucomarca.whitekongsoftware.com\/ca\/wp-json\/wp\/v2\/posts"}],"about":[{"href":"https:\/\/tucomarca.whitekongsoftware.com\/ca\/wp-json\/wp\/v2\/types\/post"}],"author":[{"embeddable":true,"href":"https:\/\/tucomarca.whitekongsoftware.com\/ca\/wp-json\/wp\/v2\/users\/12"}],"replies":[{"embeddable":true,"href":"https:\/\/tucomarca.whitekongsoftware.com\/ca\/wp-json\/wp\/v2\/comments?post=197128"}],"version-history":[{"count":0,"href":"https:\/\/tucomarca.whitekongsoftware.com\/ca\/wp-json\/wp\/v2\/posts\/197128\/revisions"}],"wp:featuredmedia":[{"embeddable":true,"href":"https:\/\/tucomarca.whitekongsoftware.com\/ca\/wp-json\/wp\/v2\/media\/197148"}],"wp:attachment":[{"href":"https:\/\/tucomarca.whitekongsoftware.com\/ca\/wp-json\/wp\/v2\/media?parent=197128"}],"wp:term":[{"taxonomy":"category","embeddable":true,"href":"https:\/\/tucomarca.whitekongsoftware.com\/ca\/wp-json\/wp\/v2\/categories?post=197128"},{"taxonomy":"post_tag","embeddable":true,"href":"https:\/\/tucomarca.whitekongsoftware.com\/ca\/wp-json\/wp\/v2\/tags?post=197128"}],"curies":[{"name":"wp","href":"https:\/\/api.w.org\/{rel}","templated":true}]}}