{"id":196976,"date":"2023-09-05T09:00:00","date_gmt":"2023-09-05T07:00:00","guid":{"rendered":"https:\/\/www.tucomarca.com\/wordpress\/segunda\/?p=196976"},"modified":"2023-09-05T15:34:44","modified_gmt":"2023-09-05T13:34:44","slug":"la-unio-assenyala-que-la-meteorologia-adversa-provoca-un-menor-rendiment-de-lametla-en-aquest-inici-de-recolleccio","status":"publish","type":"post","link":"https:\/\/tucomarca.whitekongsoftware.com\/ca\/la-unio-assenyala-que-la-meteorologia-adversa-provoca-un-menor-rendiment-de-lametla-en-aquest-inici-de-recolleccio\/","title":{"rendered":"La Uni\u00f3 assenyala que la meteorologia adversa provoca un menor rendiment de l&#8217;ametla en aquest inici de recol\u00b7lecci\u00f3"},"content":{"rendered":"\n<p class=\"wp-block-paragraph\"><strong>Els preus oferits s\u00f3n inferiors en aquesta campanya als costos de producci\u00f3<\/strong><\/p>\n\n\n\n<p class=\"wp-block-paragraph\"><strong><strong>L&#8217;organitzaci\u00f3 demana a la Conselleria d&#8217;Agricultura que establisca un pla de reconversi\u00f3 i aprove ajudes per als productors<\/strong><\/strong><\/p>\n\n\n\n<p class=\"wp-block-paragraph\">La Uni\u00f3 Llauradora indica que els diversos factors meteorol\u00f2gics adversos, sobretot la sequera, estan provocant uns rendiments de l&#8217;ametla inferiors als previstos en aquest inici de la recol\u00b7lecci\u00f3 en la Comunitat Valenciana. La mitjana del descens de rendiment gra \u00e9s del 6%.<\/p>\n\n\n\n<p class=\"wp-block-paragraph\">A m\u00e9s d&#8217;aquesta circumst\u00e0ncia, la recent DANA, amb pluges i forts vents, ha tirat al s\u00f2l una part de la collita, la qual cosa dificulta les tasques de recollida de l&#8217;ametla en les zones productores del nostre territori.<\/p>\n\n\n\n<p class=\"wp-block-paragraph\">Paral\u00b7lelament a aquesta situaci\u00f3, els preus oferits als llauradors s\u00f3n molt baixos. D&#8217;unes cotitzacions de 3,50 euros\/kg hem passat a tractes de compravenda de nom\u00e9s 2,80 \u20ac\/kg. Ricardo Beltr\u00e1n, responsable del sector de l&#8217;ametla de LA UNI\u00d3, assenyala que \u201cels preus se situen per davall dels costos de producci\u00f3 i estem totalment indefensos davant l&#8217;actitud de les empreses comercialitzadores que ens continuen perjudicant\u201d.<\/p>\n\n\n\n<p class=\"wp-block-paragraph\">En aquest sentit, LA UNI\u00d3 destaca que els comercialitzadors d&#8217;ametla continuen important ingents quantitats d&#8217;ametla procedents dels Estats Units i deixen d&#8217;apostar pel producte d&#8217;ac\u00ed de proximitat i amb una qualitat evident. \u201cEl valor afegit de la qualitat de l&#8217;ametla de la Comunitat Valenciana pr\u00e0cticament ha desaparegut\u201d, indica Beltr\u00e1n.<\/p>\n\n\n\n<p class=\"wp-block-paragraph\">Tampoc ajuda a l&#8217;ametla aut\u00f2ctona el fet que les IGPs Torr\u00f3 de Xixona i Torr\u00f3 d&#8217;Alacant pretenguen modificar el plec de condicions per a suprimir qualsevol refer\u00e8ncia a l&#8217;origen de les mat\u00e8ries primeres que utilitzen en la fabricaci\u00f3 dels torrons emparats, davant la qual cosa LA UNI\u00d3 va presentar ja un document d&#8217;oposici\u00f3 en el qual demanava textualment que \u201camb les seues respectives modificacions varietals, les ametles utilitzades per a l&#8217;elaboraci\u00f3 de torrons de la IGP han de procedir de les seues zones de producci\u00f3 i elaboraci\u00f3 situades en les diferents comarques d&#8217;Alacant, Castell\u00f3 i Val\u00e8ncia\u201d.<\/p>\n\n\n\n<p class=\"wp-block-paragraph\">El recent acord aconseguit pel Govern d&#8217;Espanya amb el de la Xina per a permetre l&#8217;exportaci\u00f3 de la nostra ametla al pa\u00eds asi\u00e0tic tampoc s&#8217;est\u00e0 notant de moment malgrat les expectatives existents. \u201cJa veurem com transcorre l&#8217;acord, per\u00f2 igual en lloc de beneficiar als nostres productors serveix per a utilitzar-nos de pa\u00eds pont i dirigir l&#8217;ametla americana al mercat xin\u00e9s\u201d, comenta el responsable de l&#8217;ametla de LA UNI\u00d3.<\/p>\n\n\n\n<p class=\"wp-block-paragraph\">Per totes aquestes q\u00fcestions que afecten el sector de l&#8217;ametla, LA UNI\u00d3 reclama a la Conselleria d&#8217;Agricultura un pla de reconversi\u00f3 d&#8217;ametlers de la Comunitat Valenciana que permeta corregir els greus defectes que existeixen actualment: rejovenir l&#8217;arbratge, adaptar-se a les noves varietats m\u00e9s comercials i productives. Al mateix temps sol\u00b7licita, que, igual que s&#8217;ha fet amb altres sectors, que s&#8217;habilite una ajuda per les grans p\u00e8rdues econ\u00f2miques dels \u00faltims anys.<\/p>\n","protected":false},"excerpt":{"rendered":"<div class=\"mh-excerpt\">Els preus oferits s\u00f3n inferiors en aquesta campanya als costos de producci\u00f3 L&#8217;organitzaci\u00f3 demana a la Conselleria d&#8217;Agricultura que establisca un pla de reconversi\u00f3 i aprove ajudes per als productors La Uni\u00f3 Llauradora indica que <a class=\"mh-excerpt-more\" href=\"https:\/\/tucomarca.whitekongsoftware.com\/ca\/la-unio-assenyala-que-la-meteorologia-adversa-provoca-un-menor-rendiment-de-lametla-en-aquest-inici-de-recolleccio\/\" title=\"La Uni\u00f3 assenyala que la meteorologia adversa provoca un menor rendiment de l&#8217;ametla en aquest inici de recol\u00b7lecci\u00f3\">[+] <\/a><\/div>\n","protected":false},"author":13,"featured_media":196974,"comment_status":"open","ping_status":"open","sticky":false,"template":"","format":"standard","meta":{"footnotes":""},"categories":[10905,10951,11046,10898,10948,10963,10894,10904,10903,10896],"tags":[11309,11199,17735],"class_list":["post-196976","post","type-post","status-publish","format-standard","has-post-thumbnail","category-agricultura-la-comarca-ca","category-ayora-cofrentes-ca","category-los-serranos-ca","category-ventana-ca","category-infraestructuras-ca","category-la-canal-de-navarres-ca","category-la-comarca-ca","category-sin-categorizar-ca","category-medio-ambiente-la-comarca-ca","category-seccion-ca","tag-agricultura-ca","tag-la-comunitat-ca","tag-meteorologia-ca"],"_links":{"self":[{"href":"https:\/\/tucomarca.whitekongsoftware.com\/ca\/wp-json\/wp\/v2\/posts\/196976","targetHints":{"allow":["GET"]}}],"collection":[{"href":"https:\/\/tucomarca.whitekongsoftware.com\/ca\/wp-json\/wp\/v2\/posts"}],"about":[{"href":"https:\/\/tucomarca.whitekongsoftware.com\/ca\/wp-json\/wp\/v2\/types\/post"}],"author":[{"embeddable":true,"href":"https:\/\/tucomarca.whitekongsoftware.com\/ca\/wp-json\/wp\/v2\/users\/13"}],"replies":[{"embeddable":true,"href":"https:\/\/tucomarca.whitekongsoftware.com\/ca\/wp-json\/wp\/v2\/comments?post=196976"}],"version-history":[{"count":0,"href":"https:\/\/tucomarca.whitekongsoftware.com\/ca\/wp-json\/wp\/v2\/posts\/196976\/revisions"}],"wp:featuredmedia":[{"embeddable":true,"href":"https:\/\/tucomarca.whitekongsoftware.com\/ca\/wp-json\/wp\/v2\/media\/196974"}],"wp:attachment":[{"href":"https:\/\/tucomarca.whitekongsoftware.com\/ca\/wp-json\/wp\/v2\/media?parent=196976"}],"wp:term":[{"taxonomy":"category","embeddable":true,"href":"https:\/\/tucomarca.whitekongsoftware.com\/ca\/wp-json\/wp\/v2\/categories?post=196976"},{"taxonomy":"post_tag","embeddable":true,"href":"https:\/\/tucomarca.whitekongsoftware.com\/ca\/wp-json\/wp\/v2\/tags?post=196976"}],"curies":[{"name":"wp","href":"https:\/\/api.w.org\/{rel}","templated":true}]}}