{"id":196575,"date":"2023-09-03T15:49:31","date_gmt":"2023-09-03T13:49:31","guid":{"rendered":"https:\/\/www.tucomarca.com\/wordpress\/segunda\/el-ayuntamiento-de-bunol-suspende-la-cabalgata-del-dia-de-las-musicas-por-las-inclemencias-meteorologicas\/"},"modified":"2023-09-03T15:52:51","modified_gmt":"2023-09-03T13:52:51","slug":"el-ayuntamiento-de-bunol-suspende-la-cabalgata-del-dia-de-las-musicas-por-las-inclemencias-meteorologicas","status":"publish","type":"post","link":"https:\/\/tucomarca.whitekongsoftware.com\/ca\/el-ayuntamiento-de-bunol-suspende-la-cabalgata-del-dia-de-las-musicas-por-las-inclemencias-meteorologicas\/","title":{"rendered":"L&#8217;Ajuntament de Bunyol susp\u00e9n la cavalcada del Dia de les M\u00fasiques per les inclem\u00e8ncies meteorol\u00f2giques"},"content":{"rendered":"\n<p class=\"wp-block-paragraph\">L&#8217;Ajuntament de Bunyol susp\u00e9n la cavalcada i els actes del Dia de les M\u00fasiques d&#8217;aquest diumenge, 3 de setembre, a la vesprada a causa de les inclem\u00e8ncies meteorol\u00f2giques.<\/p>\n\n\n\n<figure class=\"wp-block-image size-full\"><img loading=\"lazy\" decoding=\"async\" width=\"816\" height=\"822\" src=\"http:\/\/www.tucomarca.com\/wordpress\/segunda\/wp-content\/uploads\/2023\/09\/SuspensionCab.jpg\" alt=\"\" class=\"wp-image-196572\" srcset=\"https:\/\/tucomarca.whitekongsoftware.com\/wp-content\/uploads\/2023\/09\/SuspensionCab.jpg 816w, https:\/\/tucomarca.whitekongsoftware.com\/wp-content\/uploads\/2023\/09\/SuspensionCab-298x300.jpg 298w, https:\/\/tucomarca.whitekongsoftware.com\/wp-content\/uploads\/2023\/09\/SuspensionCab-768x774.jpg 768w\" sizes=\"auto, (max-width: 816px) 100vw, 816px\" \/><\/figure>\n","protected":false},"excerpt":{"rendered":"<div class=\"mh-excerpt\">L&#8217;Ajuntament de Bunyol susp\u00e9n la cavalcada i els actes del Dia de les M\u00fasiques d&#8217;aquest diumenge, 3 de setembre, a la vesprada a causa de les inclem\u00e8ncies meteorol\u00f2giques.<\/div>\n","protected":false},"author":1,"featured_media":196573,"comment_status":"open","ping_status":"open","sticky":false,"template":"","format":"standard","meta":{"footnotes":""},"categories":[11019,10911,10894,10912,10896],"tags":[10913,10914],"class_list":["post-196575","post","type-post","status-publish","format-standard","has-post-thumbnail","category-agenda-ca","category-bunol-ca","category-la-comarca-ca","category-la-hoya-ca","category-seccion-ca","tag-bunol-ca","tag-la-hoya-de-bunol-chiva-ca"],"_links":{"self":[{"href":"https:\/\/tucomarca.whitekongsoftware.com\/ca\/wp-json\/wp\/v2\/posts\/196575","targetHints":{"allow":["GET"]}}],"collection":[{"href":"https:\/\/tucomarca.whitekongsoftware.com\/ca\/wp-json\/wp\/v2\/posts"}],"about":[{"href":"https:\/\/tucomarca.whitekongsoftware.com\/ca\/wp-json\/wp\/v2\/types\/post"}],"author":[{"embeddable":true,"href":"https:\/\/tucomarca.whitekongsoftware.com\/ca\/wp-json\/wp\/v2\/users\/1"}],"replies":[{"embeddable":true,"href":"https:\/\/tucomarca.whitekongsoftware.com\/ca\/wp-json\/wp\/v2\/comments?post=196575"}],"version-history":[{"count":0,"href":"https:\/\/tucomarca.whitekongsoftware.com\/ca\/wp-json\/wp\/v2\/posts\/196575\/revisions"}],"wp:featuredmedia":[{"embeddable":true,"href":"https:\/\/tucomarca.whitekongsoftware.com\/ca\/wp-json\/wp\/v2\/media\/196573"}],"wp:attachment":[{"href":"https:\/\/tucomarca.whitekongsoftware.com\/ca\/wp-json\/wp\/v2\/media?parent=196575"}],"wp:term":[{"taxonomy":"category","embeddable":true,"href":"https:\/\/tucomarca.whitekongsoftware.com\/ca\/wp-json\/wp\/v2\/categories?post=196575"},{"taxonomy":"post_tag","embeddable":true,"href":"https:\/\/tucomarca.whitekongsoftware.com\/ca\/wp-json\/wp\/v2\/tags?post=196575"}],"curies":[{"name":"wp","href":"https:\/\/api.w.org\/{rel}","templated":true}]}}