{"id":195886,"date":"2023-08-31T10:10:00","date_gmt":"2023-08-31T08:10:00","guid":{"rendered":"https:\/\/www.tucomarca.com\/wordpress\/segunda\/?p=195886"},"modified":"2023-08-31T14:37:19","modified_gmt":"2023-08-31T12:37:19","slug":"india-martinez-presenta-aquest-dissabte-el-nostre-mon-tour-a-utiel-concert-especial-de-la-fira-i-festes-2023","status":"publish","type":"post","link":"https:\/\/tucomarca.whitekongsoftware.com\/ca\/india-martinez-presenta-aquest-dissabte-el-nostre-mon-tour-a-utiel-concert-especial-de-la-fira-i-festes-2023\/","title":{"rendered":"India Mart\u00ednez presenta aquest dissabte \u2018\u2019El nostre M\u00f3n Tour\u2019\u2019 a Utiel, concert especial de la Fira i Festes 2023"},"content":{"rendered":"\n<p class=\"wp-block-paragraph\"><strong>L&#8217;artista cordovesa oferir\u00e0 el concert de Fira el 2 de setembre en l&#8217;Avinguda de l&#8217;Esport&nbsp; d&#8217;Utiel<\/strong><\/p>\n\n\n\n<p class=\"wp-block-paragraph\">Dissabte que ve, 2 de setembre, la cordovesa \u00cdndia Mart\u00ednez ser\u00e0 l&#8217;artista convidada de la Fira i Festes d&#8217;Utiel que far\u00e0 vibrar a tots els seus seguidors en el concert especial de les festes patronals amb el seu particular estil, fusi\u00f3 de flamenc i pop.<\/p>\n\n\n\n<p class=\"wp-block-paragraph\">Utiel celebra la seua setmana gran en honor a la Sant\u00edssima Verge del Remei de l&#8217;1 al 10 de setembre amb una gran i completa programaci\u00f3 al llarg d&#8217;aquests dies, entre la qual destaca l&#8217;actuaci\u00f3 en directe de l&#8217;artista \u00cdndia Mart\u00ednez.&nbsp;<\/p>\n\n\n\n<p class=\"wp-block-paragraph\">\u201cEl nostre M\u00f3n Tour\u201d&nbsp;promet estar a l&#8217;altura posant en escena l&#8217;\u00faltim \u00e0lbum de l&#8217;artista i els temes m\u00e9s emblem\u00e0tics de la seua carrera musical.<\/p>\n\n\n\n<p class=\"wp-block-paragraph\">Aquesta gira comparteix nom&nbsp;amb el seu \u00faltim treball discogr\u00e0fic que recentment ha vist la llum&nbsp;i que&nbsp;ja s&#8217;ha&nbsp; col\u00b7locat entre els&nbsp;m\u00e9s&nbsp;venuts d&#8217;Espanya aconseguint amb el seu primer&nbsp;single&nbsp;\u201cSi ella sabera\u201d&nbsp;el disc d&#8217;or.<\/p>\n\n\n\n<p class=\"wp-block-paragraph\">A les 21:30h d&#8217;aquest dissabte 2 de setembre, s&#8217;obriran les portes del recinte, en l&#8217;Avinguda de l&#8217;Esport, perqu\u00e8 el p\u00fablic puga anar accedint de manera escalonada i gaudir tamb\u00e9 d&#8217;una sessi\u00f3 especial amb DJ.&nbsp;<\/p>\n\n\n\n<p class=\"wp-block-paragraph\">A partir de les 23.30 hores, l&#8217;\u00cdndia pujar\u00e0 a l&#8217;escenari per a fer gaudir a tots els seus seguidors amb els seus \u00faltims llan\u00e7aments i grans \u00e8xits.<\/p>\n\n\n\n<p class=\"wp-block-paragraph\">Les \u00faltimes entrades anticipades per al concert estan disponibles des de 25\u20ac tant en l\u00ednia com en punts de venda f\u00edsics. Es deixaran les \u00faltimes a la venda en la taquilla a un preu de 30\u20ac.<\/p>\n\n\n\n<ul class=\"wp-block-list\"><li>Venda en l\u00ednia: <a href=\"https:\/\/www.ticketvip.es\/evento-entradas-india-martinez-utiel-2023\">https:\/\/www.ticketvip.es\/evento-entradas-india-martinez-utiel-2023<\/a><\/li><\/ul>\n\n\n\n<p class=\"wp-block-paragraph\">Venda f\u00edsica:<\/p>\n\n\n\n<ul class=\"wp-block-list\"><li>Utiel: Bar Snoopy, Estanc Porta del Sol, Bar Queens i Bar Sister\u2019s&nbsp;<\/li><li>Requena: Iris Pub \u2013 O Callaghan<\/li><\/ul>\n","protected":false},"excerpt":{"rendered":"<div class=\"mh-excerpt\">L&#8217;artista cordovesa oferir\u00e0 el concert de Fira el 2 de setembre en l&#8217;Avinguda de l&#8217;Esport&nbsp; d&#8217;Utiel Dissabte que ve, 2 de setembre, la cordovesa \u00cdndia Mart\u00ednez ser\u00e0 l&#8217;artista convidada de la Fira i Festes d&#8217;Utiel <a class=\"mh-excerpt-more\" href=\"https:\/\/tucomarca.whitekongsoftware.com\/ca\/india-martinez-presenta-aquest-dissabte-el-nostre-mon-tour-a-utiel-concert-especial-de-la-fira-i-festes-2023\/\" title=\"India Mart\u00ednez presenta aquest dissabte \u2018\u2019El nostre M\u00f3n Tour\u2019\u2019 a Utiel, concert especial de la Fira i Festes 2023\">[+] <\/a><\/div>\n","protected":false},"author":13,"featured_media":195876,"comment_status":"open","ping_status":"open","sticky":false,"template":"","format":"standard","meta":{"footnotes":""},"categories":[11019,10894,10909,10896,11059],"tags":[19468,10910,11174],"class_list":["post-195886","post","type-post","status-publish","format-standard","has-post-thumbnail","category-agenda-ca","category-la-comarca-ca","category-requena-utiel-ca","category-seccion-ca","category-utiel-ca","tag-pueblos-en-fiestas-ca","tag-requena-utiel-ca","tag-utiel-ca"],"_links":{"self":[{"href":"https:\/\/tucomarca.whitekongsoftware.com\/ca\/wp-json\/wp\/v2\/posts\/195886","targetHints":{"allow":["GET"]}}],"collection":[{"href":"https:\/\/tucomarca.whitekongsoftware.com\/ca\/wp-json\/wp\/v2\/posts"}],"about":[{"href":"https:\/\/tucomarca.whitekongsoftware.com\/ca\/wp-json\/wp\/v2\/types\/post"}],"author":[{"embeddable":true,"href":"https:\/\/tucomarca.whitekongsoftware.com\/ca\/wp-json\/wp\/v2\/users\/13"}],"replies":[{"embeddable":true,"href":"https:\/\/tucomarca.whitekongsoftware.com\/ca\/wp-json\/wp\/v2\/comments?post=195886"}],"version-history":[{"count":0,"href":"https:\/\/tucomarca.whitekongsoftware.com\/ca\/wp-json\/wp\/v2\/posts\/195886\/revisions"}],"wp:featuredmedia":[{"embeddable":true,"href":"https:\/\/tucomarca.whitekongsoftware.com\/ca\/wp-json\/wp\/v2\/media\/195876"}],"wp:attachment":[{"href":"https:\/\/tucomarca.whitekongsoftware.com\/ca\/wp-json\/wp\/v2\/media?parent=195886"}],"wp:term":[{"taxonomy":"category","embeddable":true,"href":"https:\/\/tucomarca.whitekongsoftware.com\/ca\/wp-json\/wp\/v2\/categories?post=195886"},{"taxonomy":"post_tag","embeddable":true,"href":"https:\/\/tucomarca.whitekongsoftware.com\/ca\/wp-json\/wp\/v2\/tags?post=195886"}],"curies":[{"name":"wp","href":"https:\/\/api.w.org\/{rel}","templated":true}]}}