{"id":195883,"date":"2023-08-31T10:01:00","date_gmt":"2023-08-31T08:01:00","guid":{"rendered":"https:\/\/www.tucomarca.com\/wordpress\/segunda\/?p=195883"},"modified":"2023-08-31T14:48:30","modified_gmt":"2023-08-31T12:48:30","slug":"la-setena-etapa-de-la-volta-a-espanya-parteix-dutiel-aquest-divendres-per-a-travessar-requena-xera-sot-de-xera-bugarra-pedralba-i-xest","status":"publish","type":"post","link":"https:\/\/tucomarca.whitekongsoftware.com\/ca\/la-setena-etapa-de-la-volta-a-espanya-parteix-dutiel-aquest-divendres-per-a-travessar-requena-xera-sot-de-xera-bugarra-pedralba-i-xest\/","title":{"rendered":"La setena etapa de la Volta a Espanya parteix d&#8217;Utiel aquest divendres per a travessar Requena, Xera, Sot de Xera, Bugarra, Pedralba i Xest"},"content":{"rendered":"\n<p class=\"wp-block-paragraph\">La Volta Ciclista a Espanya arriba a Val\u00e8ncia l&#8217;1 de setembre en una etapa en la recorre gran part de la prov\u00edncia, amb eixida a Utiel i arribada a Oliva<\/p>\n\n\n\n<p class=\"wp-block-paragraph\">La Volta Ciclista a Espanya arriba a Val\u00e8ncia l&#8217;1 de setembre en una etapa en la recorre gran part de la prov\u00edncia, amb eixida a Utiel i arribada a Oliva, despr\u00e9s de rec\u00f3rrer nombroses localitats tur\u00edstiques d&#8217;interior i sobretot de costa.<\/p>\n\n\n\n<p class=\"wp-block-paragraph\">L&#8217;etapa 7 arranca a les 12,50 des d&#8217;Utiel i passar\u00e0 per Requena, Xera, Sot de Xera, Bugarra, Pedralba, Xest, Torrent, Picanya, La Torre, Val\u00e8ncia, Pinedo, El Saler, El Perellonet, El Perell\u00f3, Els Palmeres, Mareny de Barraquetes, Mareny de Sant Lloren\u00e7, Cullera, Xeraco, Gandia, Daim\u00fas, Guardamar de la Safor, Bellrreguard, La Palmera i l&#8217;Alqueria dels Comptesses abans d&#8217;arribar a la meta instal\u00b7lada a Oliva, on est\u00e0 previst que els ciclistes arriben entre les 17,18 i les 17,43, en funci\u00f3 del ritme de carrera.<\/p>\n\n\n\n<p class=\"wp-block-paragraph\">El llibre de ruta de la Volta a Espanya especifica els carrers per on discorrer\u00e0 en algunes localitats. Aix\u00ed, a Utiel passa per C\/ Herois del Tollo, C\/ Antonio Maura, C\/ Reis Cat\u00f2lics, Plaza, Porta de les Eres, C\/ Ces\u00e1reo Marco Yag\u00fce, Plaza Puerta del Sol, C\/ Sant Ferran i C\/ Sant Ildefons abans d&#8217;enfilar la N-III rumb a Requena.<\/p>\n\n\n\n<p class=\"wp-block-paragraph\">A Requena passa per C\/ Constituci\u00f3, Av. Alfons X el Savi i CV-395 rotonda dreta direcci\u00f3 Xera per CV-395.<\/p>\n\n\n\n<p class=\"wp-block-paragraph\"><strong>UTIEL 12.50<\/strong><\/p>\n\n\n\n<p class=\"wp-block-paragraph\"><strong>EIXIDA LLAN\u00c7ADA PER LA N-III 12.57<\/strong><\/p>\n\n\n\n<p class=\"wp-block-paragraph\">SANT ANTONI 13.01 13.01 13.02<\/p>\n\n\n\n<p class=\"wp-block-paragraph\">REQUENA 13.08 13.08 13.09<\/p>\n\n\n\n<p class=\"wp-block-paragraph\">XERA 13.33 13.35 13.37<\/p>\n\n\n\n<p class=\"wp-block-paragraph\">SOT DE XERA 13.47 13.50 13.52<\/p>\n\n\n\n<p class=\"wp-block-paragraph\">L&#8217;ERMITA 14.00 14.02 14.06<\/p>\n\n\n\n<p class=\"wp-block-paragraph\">CELLERS DE VANACLOIG 14.07 14.11 14.14<\/p>\n\n\n\n<p class=\"wp-block-paragraph\">BUGARRA 14.24 14.28 14.32<\/p>\n\n\n\n<p class=\"wp-block-paragraph\">PEDRALBA 14.30 14.35 14.39<\/p>\n\n\n\n<p class=\"wp-block-paragraph\">XEST 14.48 14.53 14.59<\/p>\n\n\n\n<p class=\"wp-block-paragraph\">TORRENT 15.26 15.33 15.40<\/p>\n\n\n\n<p class=\"wp-block-paragraph\">PICANYA 15.30 15.37 15.45<\/p>\n\n\n\n<p class=\"wp-block-paragraph\"><\/p>\n\n\n\n<p class=\"wp-block-paragraph\"><strong>Talls de tr\u00e0nsit a Xest<\/strong><\/p>\n\n\n\n<p class=\"wp-block-paragraph\">La Volta ciclista a Espanya passar\u00e0 per la CV-50 a l&#8217;altura de Xest en la seua setena etapa, Utiel &#8211; Oliva, al migdia. Els talls al tr\u00e0nsit es produiran en la CV-50 des de la rotonda dels carros fins a la rotonda de Gelats Estiu i en tots els accessos que pararan a aquesta via, entre les 14.15 i les 15.15 aproximadament; la rotonda de la gasolinera tamb\u00e9 tindr\u00e0 un filtre.<\/p>\n\n\n\n<p class=\"wp-block-paragraph\">\u201cL&#8217;Ajuntament est\u00e0 atenent la sol\u00b7licitud de col\u00b7laboraci\u00f3 de l&#8217;organitzaci\u00f3 de la Volta ciclista a Espanya, col\u00b7laborant amb el dispositiu de les forces i cossos de seguretat amb agents de policia; a m\u00e9s agra\u00efm a Protecci\u00f3 Civil la seua ajuda\u201d, ha manifestat l&#8217;alcalde Xest, Jos\u00e9 Morell.<\/p>\n\n\n\n<p class=\"wp-block-paragraph\">No es veur\u00e0 afectat l&#8217;acc\u00e9s a la poblaci\u00f3 des de la glorieta de Loriguila, pel parc de La*Lomiquia, ni per l&#8217;antic Mercadona de la pla\u00e7a II Rep\u00fablica.<\/p>\n\n\n\n<p class=\"wp-block-paragraph\"><strong>Maz\u00f3n valora l&#8217;impacte econ\u00f2mic i promocional de la Volta Ciclista a Espanya<\/strong><\/p>\n\n\n\n<p class=\"wp-block-paragraph\">El president de la Generalitat, Carlos Maz\u00f3n, ha valorat l&#8217;impacte econ\u00f2mic i promocional que suposa acollir una de les etapes de la Volta Ciclista a Espanya en la Comunitat Valenciana, despr\u00e9s de participar en el lliurament de trofeus als primers classificats de la 5a etapa disputada aquest dimecres i que ha transcorregut entre Morella i Borriana.<\/p>\n\n\n\n<p class=\"wp-block-paragraph\">En concret, el president ha destacat la riquesa econ\u00f2mica que genera cada pernoctaci\u00f3 dels equips ciclistes que participen en la prova, la qual cosa se suma a l&#8217;important valor promocional que suposa la competici\u00f3 en l&#8217;\u00e0mbit europeu i internacional, on \u00e9s seguida per milions d&#8217;espectadors.<\/p>\n\n\n\n<p class=\"wp-block-paragraph\">El cap del Consell tamb\u00e9 ha manifestat que &#8220;la Volta adora la prov\u00edncia de Castell\u00f3&#8221; on s&#8217;han celebrat &#8220;etapes m\u00edtiques&#8221;. Finalment, ha assenyalat que gr\u00e0cies a la Volta &#8220;hui tota Europa sap on est\u00e0 Borriana&#8221;.<\/p>\n","protected":false},"excerpt":{"rendered":"<div class=\"mh-excerpt\">La Volta Ciclista a Espanya arriba a Val\u00e8ncia l&#8217;1 de setembre en una etapa en la recorre gran part de la prov\u00edncia, amb eixida a Utiel i arribada a Oliva La Volta Ciclista a Espanya <a class=\"mh-excerpt-more\" href=\"https:\/\/tucomarca.whitekongsoftware.com\/ca\/la-setena-etapa-de-la-volta-a-espanya-parteix-dutiel-aquest-divendres-per-a-travessar-requena-xera-sot-de-xera-bugarra-pedralba-i-xest\/\" title=\"La setena etapa de la Volta a Espanya parteix d&#8217;Utiel aquest divendres per a travessar Requena, Xera, Sot de Xera, Bugarra, Pedralba i Xest\">[+] <\/a><\/div>\n","protected":false},"author":12,"featured_media":195866,"comment_status":"open","ping_status":"open","sticky":false,"template":"","format":"standard","meta":{"footnotes":""},"categories":[11019,11040,11013,11046,11003,10898,10894,10904,10912,11025,10908,10909,10896,11026,11059,11037,10974],"tags":[10914,11928,10910,19636],"class_list":["post-195883","post","type-post","status-publish","format-standard","has-post-thumbnail","category-agenda-ca","category-bugarra-ca","category-ciclismo-ca","category-los-serranos-ca","category-sports","category-ventana-ca","category-la-comarca-ca","category-sin-categorizar-ca","category-la-hoya-ca","category-pedralba-ca","category-requena-ca","category-requena-utiel-ca","category-seccion-ca","category-sot-de-chera-ca","category-utiel-ca","category-chera-los-serranos-ca","category-cheste-ca","tag-la-hoya-de-bunol-chiva-ca","tag-la-serrania-ca","tag-requena-utiel-ca","tag-vuelta-ciclista-a-espana-2023-ca"],"_links":{"self":[{"href":"https:\/\/tucomarca.whitekongsoftware.com\/ca\/wp-json\/wp\/v2\/posts\/195883","targetHints":{"allow":["GET"]}}],"collection":[{"href":"https:\/\/tucomarca.whitekongsoftware.com\/ca\/wp-json\/wp\/v2\/posts"}],"about":[{"href":"https:\/\/tucomarca.whitekongsoftware.com\/ca\/wp-json\/wp\/v2\/types\/post"}],"author":[{"embeddable":true,"href":"https:\/\/tucomarca.whitekongsoftware.com\/ca\/wp-json\/wp\/v2\/users\/12"}],"replies":[{"embeddable":true,"href":"https:\/\/tucomarca.whitekongsoftware.com\/ca\/wp-json\/wp\/v2\/comments?post=195883"}],"version-history":[{"count":0,"href":"https:\/\/tucomarca.whitekongsoftware.com\/ca\/wp-json\/wp\/v2\/posts\/195883\/revisions"}],"wp:featuredmedia":[{"embeddable":true,"href":"https:\/\/tucomarca.whitekongsoftware.com\/ca\/wp-json\/wp\/v2\/media\/195866"}],"wp:attachment":[{"href":"https:\/\/tucomarca.whitekongsoftware.com\/ca\/wp-json\/wp\/v2\/media?parent=195883"}],"wp:term":[{"taxonomy":"category","embeddable":true,"href":"https:\/\/tucomarca.whitekongsoftware.com\/ca\/wp-json\/wp\/v2\/categories?post=195883"},{"taxonomy":"post_tag","embeddable":true,"href":"https:\/\/tucomarca.whitekongsoftware.com\/ca\/wp-json\/wp\/v2\/tags?post=195883"}],"curies":[{"name":"wp","href":"https:\/\/api.w.org\/{rel}","templated":true}]}}