{"id":195872,"date":"2023-08-31T10:00:00","date_gmt":"2023-08-31T08:00:00","guid":{"rendered":"https:\/\/www.tucomarca.com\/wordpress\/segunda\/?p=195872"},"modified":"2023-08-31T14:24:10","modified_gmt":"2023-08-31T12:24:10","slug":"arranca-el-periode-de-votacions-dels-cartells-de-la-fira-utiel-gastronomica-2023","status":"publish","type":"post","link":"https:\/\/tucomarca.whitekongsoftware.com\/ca\/arranca-el-periode-de-votacions-dels-cartells-de-la-fira-utiel-gastronomica-2023\/","title":{"rendered":"Arranca el per\u00edode de votacions dels cartells de la Fira Utiel Gastron\u00f2mica 2023"},"content":{"rendered":"\n<p class=\"wp-block-paragraph\"><strong>S&#8217;han presentat 7 obres al concurs de cartelleria que podran votar-se fins a l&#8217;11 de setembre en la p\u00e0gina oficial de Facebook d&#8217;Utiel<\/strong><\/p>\n\n\n\n<p class=\"wp-block-paragraph\">Divendres passat, 25 d&#8217;agost conclo\u00efa el termini d&#8217;admissi\u00f3 de cartells per a participar en el concurs de cartelleria de la Fira Utiel Gastron\u00f2mica 2023 que en aquesta edici\u00f3 ha comptat amb un bon acolliment.<\/p>\n\n\n\n<p class=\"wp-block-paragraph\">En total s&#8217;han presentat 7 obres in\u00e8dites amb creativitats molt variades: \u201cAbstracci\u00f3 cabezona&#8221; , \u201cAssaboreix Utiel&#8221; &nbsp;\u201cGastrochat&#8221; &#8221; Or\u00edgens&#8221; &#8220;Patrimoni&#8221; &#8220;Ram&#8221; i \u201cEstovalles&#8221;.<\/p>\n\n\n\n<p class=\"wp-block-paragraph\"><strong>VOTACIONS<\/strong><\/p>\n\n\n\n<p class=\"wp-block-paragraph\">Les bases del concurs contemplen una primera fase de votaci\u00f3 popular de totes les obres presentades a concurs a trav\u00e9s de la p\u00e0gina oficial de&nbsp;<a href=\"https:\/\/www.facebook.com\/UtielGastronomica\">Facebook d&#8217;Utiel Gastron\u00f3mica<\/a>&nbsp;i una segona fase en la qual la comissi\u00f3 organitzadora selecciona l&#8217;obra guanyadora entre les 3 m\u00e9s votades.&nbsp;<br><br><strong>El per\u00edode de votaci\u00f3 popular est\u00e0 obert fins a l&#8217;11 de setembre &nbsp;en la p\u00e0gina oficial de Facebook d&#8217;Utiel Gastron\u00f2mica&nbsp;<\/strong><\/p>\n\n\n\n<p class=\"wp-block-paragraph\">Entre els 3 cartells que reben el major n\u00famero de \u201cM&#8217;Agrada\u201d , la comissi\u00f3 organitzadora seleccionar\u00e0 l&#8217;obra guanyadora que representar\u00e0 a la XXVI edici\u00f3 de la Fira Utiel Gastron\u00f2mica a celebrar del 20 al 22 d&#8217;octubre en el Passeig de l&#8217;Albereda.<\/p>\n\n\n\n<p class=\"wp-block-paragraph\">La comissi\u00f3 organitzadora de la Fira Utiel Gastron\u00f2mica convoca un any m\u00e9s aquest concurs amb la finalitat de fer part\u00edcip a la ciutadania de la identitat i imatge promocional d&#8217;aquest consolidat esdeveniment gastron\u00f2mic que aquest 2023 celebra ja la seua XXVI edici\u00f3.<\/p>\n\n\n\n<figure class=\"wp-block-image size-large\"><img loading=\"lazy\" decoding=\"async\" width=\"1024\" height=\"1024\" src=\"https:\/\/www.tucomarca.com\/wordpress\/segunda\/wp-content\/uploads\/2023\/08\/VOTACIONES-CARTELERIA-UTIEL-GASTRONOMICA-2023-1024x1024.png\" alt=\"\" class=\"wp-image-195867\" srcset=\"https:\/\/tucomarca.whitekongsoftware.com\/wp-content\/uploads\/2023\/08\/VOTACIONES-CARTELERIA-UTIEL-GASTRONOMICA-2023-1024x1024.png 1024w, https:\/\/tucomarca.whitekongsoftware.com\/wp-content\/uploads\/2023\/08\/VOTACIONES-CARTELERIA-UTIEL-GASTRONOMICA-2023-300x300.png 300w, https:\/\/tucomarca.whitekongsoftware.com\/wp-content\/uploads\/2023\/08\/VOTACIONES-CARTELERIA-UTIEL-GASTRONOMICA-2023-290x290.png 290w, https:\/\/tucomarca.whitekongsoftware.com\/wp-content\/uploads\/2023\/08\/VOTACIONES-CARTELERIA-UTIEL-GASTRONOMICA-2023-768x768.png 768w, https:\/\/tucomarca.whitekongsoftware.com\/wp-content\/uploads\/2023\/08\/VOTACIONES-CARTELERIA-UTIEL-GASTRONOMICA-2023.png 1080w\" sizes=\"auto, (max-width: 1024px) 100vw, 1024px\" \/><\/figure>\n","protected":false},"excerpt":{"rendered":"<div class=\"mh-excerpt\">S&#8217;han presentat 7 obres al concurs de cartelleria que podran votar-se fins a l&#8217;11 de setembre en la p\u00e0gina oficial de Facebook d&#8217;Utiel Divendres passat, 25 d&#8217;agost conclo\u00efa el termini d&#8217;admissi\u00f3 de cartells per a <a class=\"mh-excerpt-more\" href=\"https:\/\/tucomarca.whitekongsoftware.com\/ca\/arranca-el-periode-de-votacions-dels-cartells-de-la-fira-utiel-gastronomica-2023\/\" title=\"Arranca el per\u00edode de votacions dels cartells de la Fira Utiel Gastron\u00f2mica 2023\">[+] <\/a><\/div>\n","protected":false},"author":13,"featured_media":195864,"comment_status":"open","ping_status":"open","sticky":false,"template":"","format":"standard","meta":{"footnotes":""},"categories":[11019,10894,10909,10896,11059],"tags":[10910,11174],"class_list":["post-195872","post","type-post","status-publish","format-standard","has-post-thumbnail","category-agenda-ca","category-la-comarca-ca","category-requena-utiel-ca","category-seccion-ca","category-utiel-ca","tag-requena-utiel-ca","tag-utiel-ca"],"_links":{"self":[{"href":"https:\/\/tucomarca.whitekongsoftware.com\/ca\/wp-json\/wp\/v2\/posts\/195872","targetHints":{"allow":["GET"]}}],"collection":[{"href":"https:\/\/tucomarca.whitekongsoftware.com\/ca\/wp-json\/wp\/v2\/posts"}],"about":[{"href":"https:\/\/tucomarca.whitekongsoftware.com\/ca\/wp-json\/wp\/v2\/types\/post"}],"author":[{"embeddable":true,"href":"https:\/\/tucomarca.whitekongsoftware.com\/ca\/wp-json\/wp\/v2\/users\/13"}],"replies":[{"embeddable":true,"href":"https:\/\/tucomarca.whitekongsoftware.com\/ca\/wp-json\/wp\/v2\/comments?post=195872"}],"version-history":[{"count":0,"href":"https:\/\/tucomarca.whitekongsoftware.com\/ca\/wp-json\/wp\/v2\/posts\/195872\/revisions"}],"wp:featuredmedia":[{"embeddable":true,"href":"https:\/\/tucomarca.whitekongsoftware.com\/ca\/wp-json\/wp\/v2\/media\/195864"}],"wp:attachment":[{"href":"https:\/\/tucomarca.whitekongsoftware.com\/ca\/wp-json\/wp\/v2\/media?parent=195872"}],"wp:term":[{"taxonomy":"category","embeddable":true,"href":"https:\/\/tucomarca.whitekongsoftware.com\/ca\/wp-json\/wp\/v2\/categories?post=195872"},{"taxonomy":"post_tag","embeddable":true,"href":"https:\/\/tucomarca.whitekongsoftware.com\/ca\/wp-json\/wp\/v2\/tags?post=195872"}],"curies":[{"name":"wp","href":"https:\/\/api.w.org\/{rel}","templated":true}]}}