{"id":195831,"date":"2023-08-30T08:00:00","date_gmt":"2023-08-30T06:00:00","guid":{"rendered":"https:\/\/www.tucomarca.com\/wordpress\/segunda\/?p=195831"},"modified":"2023-08-30T19:05:10","modified_gmt":"2023-08-30T17:05:10","slug":"el-ajuntament-de-la-pobla-de-vallbona-rep-a-mireia-martinez-medallista-en-el-campionat-del-mon","status":"publish","type":"post","link":"https:\/\/tucomarca.whitekongsoftware.com\/ca\/el-ajuntament-de-la-pobla-de-vallbona-rep-a-mireia-martinez-medallista-en-el-campionat-del-mon\/","title":{"rendered":"El Ajuntament de la Pobla de Vallbona rep a Mireia Mart\u00ednez, medallista en el campionat del m\u00f3n"},"content":{"rendered":"\n<p class=\"wp-block-paragraph\"><strong><strong>El govern local ha iniciat els tr\u00e0mits per a atorgar a la gimnasta poblana la Medalla d&#8217;or del municipi<\/strong><\/strong><\/p>\n\n\n\n<p class=\"wp-block-paragraph\">L&#8217;Ajuntament de la Pobla de Vallbona ha oferit una recepci\u00f3 oficial com a reconeixement a Mireia Mart\u00ednez, gimnasta poblana que es va al\u00e7ar amb dues medalles, una de plata i una altra de bronze, en el recent campionat del m\u00f3n de gimn\u00e0stica r\u00edtmica celebrat a Val\u00e8ncia.<\/p>\n\n\n\n<p class=\"wp-block-paragraph\">Amb estes dues medalles, Mireia Mart\u00ednez acumula cinc en total entre els campionats mundials de 2022 i 2023, al que suma dues medalles m\u00e9s en els campionats europeus d\u2019eixos anys.<\/p>\n\n\n\n<p class=\"wp-block-paragraph\">Com a reconeixement honor\u00edfic per part del consistori del seu municipi, l&#8217;Ajuntament de la Pobla de Vallbona ha anunciat que comen\u00e7ar\u00e0 els tr\u00e0mits per a atorgar a la gimnasta la Medalla d&#8217;or del municipi.<\/p>\n\n\n\n<figure class=\"wp-block-gallery has-nested-images columns-default is-cropped wp-block-gallery-1 is-layout-flex wp-block-gallery-is-layout-flex\">\n<figure class=\"wp-block-image size-large\"><img loading=\"lazy\" decoding=\"async\" width=\"1024\" height=\"682\" data-id=\"195826\" src=\"https:\/\/www.tucomarca.com\/wordpress\/segunda\/wp-content\/uploads\/2023\/08\/MireiaMartinezLaPobla01-1024x682.jpg\" alt=\"\" class=\"wp-image-195826\" srcset=\"https:\/\/tucomarca.whitekongsoftware.com\/wp-content\/uploads\/2023\/08\/MireiaMartinezLaPobla01-1024x682.jpg 1024w, https:\/\/tucomarca.whitekongsoftware.com\/wp-content\/uploads\/2023\/08\/MireiaMartinezLaPobla01-300x200.jpg 300w, https:\/\/tucomarca.whitekongsoftware.com\/wp-content\/uploads\/2023\/08\/MireiaMartinezLaPobla01-768x512.jpg 768w, https:\/\/tucomarca.whitekongsoftware.com\/wp-content\/uploads\/2023\/08\/MireiaMartinezLaPobla01.jpg 1280w\" sizes=\"auto, (max-width: 1024px) 100vw, 1024px\" \/><\/figure>\n\n\n\n<figure class=\"wp-block-image size-large\"><img loading=\"lazy\" decoding=\"async\" width=\"1024\" height=\"682\" data-id=\"195822\" src=\"https:\/\/www.tucomarca.com\/wordpress\/segunda\/wp-content\/uploads\/2023\/08\/MireiaMartinezLaPobla02-1024x682.jpg\" alt=\"\" class=\"wp-image-195822\" srcset=\"https:\/\/tucomarca.whitekongsoftware.com\/wp-content\/uploads\/2023\/08\/MireiaMartinezLaPobla02-1024x682.jpg 1024w, https:\/\/tucomarca.whitekongsoftware.com\/wp-content\/uploads\/2023\/08\/MireiaMartinezLaPobla02-300x200.jpg 300w, https:\/\/tucomarca.whitekongsoftware.com\/wp-content\/uploads\/2023\/08\/MireiaMartinezLaPobla02-768x512.jpg 768w, https:\/\/tucomarca.whitekongsoftware.com\/wp-content\/uploads\/2023\/08\/MireiaMartinezLaPobla02.jpg 1280w\" sizes=\"auto, (max-width: 1024px) 100vw, 1024px\" \/><\/figure>\n\n\n\n<figure class=\"wp-block-image size-large\"><img loading=\"lazy\" decoding=\"async\" width=\"1024\" height=\"682\" data-id=\"195828\" src=\"https:\/\/www.tucomarca.com\/wordpress\/segunda\/wp-content\/uploads\/2023\/08\/MireiaMartinezLaPobla04-1024x682.jpg\" alt=\"\" class=\"wp-image-195828\" srcset=\"https:\/\/tucomarca.whitekongsoftware.com\/wp-content\/uploads\/2023\/08\/MireiaMartinezLaPobla04-1024x682.jpg 1024w, https:\/\/tucomarca.whitekongsoftware.com\/wp-content\/uploads\/2023\/08\/MireiaMartinezLaPobla04-300x200.jpg 300w, https:\/\/tucomarca.whitekongsoftware.com\/wp-content\/uploads\/2023\/08\/MireiaMartinezLaPobla04-768x512.jpg 768w, https:\/\/tucomarca.whitekongsoftware.com\/wp-content\/uploads\/2023\/08\/MireiaMartinezLaPobla04.jpg 1280w\" sizes=\"auto, (max-width: 1024px) 100vw, 1024px\" \/><\/figure>\n\n\n\n<figure class=\"wp-block-image size-large\"><img loading=\"lazy\" decoding=\"async\" width=\"1024\" height=\"682\" data-id=\"195824\" src=\"https:\/\/www.tucomarca.com\/wordpress\/segunda\/wp-content\/uploads\/2023\/08\/MireiaMartinezLaPobla05-1024x682.jpg\" alt=\"\" class=\"wp-image-195824\" srcset=\"https:\/\/tucomarca.whitekongsoftware.com\/wp-content\/uploads\/2023\/08\/MireiaMartinezLaPobla05-1024x682.jpg 1024w, https:\/\/tucomarca.whitekongsoftware.com\/wp-content\/uploads\/2023\/08\/MireiaMartinezLaPobla05-300x200.jpg 300w, https:\/\/tucomarca.whitekongsoftware.com\/wp-content\/uploads\/2023\/08\/MireiaMartinezLaPobla05-768x512.jpg 768w, https:\/\/tucomarca.whitekongsoftware.com\/wp-content\/uploads\/2023\/08\/MireiaMartinezLaPobla05.jpg 1280w\" sizes=\"auto, (max-width: 1024px) 100vw, 1024px\" \/><\/figure>\n<\/figure>\n","protected":false},"excerpt":{"rendered":"<div class=\"mh-excerpt\">El govern local ha iniciat els tr\u00e0mits per a atorgar a la gimnasta poblana la Medalla d&#8217;or del municipi L&#8217;Ajuntament de la Pobla de Vallbona ha oferit una recepci\u00f3 oficial com a reconeixement a Mireia <a class=\"mh-excerpt-more\" href=\"https:\/\/tucomarca.whitekongsoftware.com\/ca\/el-ajuntament-de-la-pobla-de-vallbona-rep-a-mireia-martinez-medallista-en-el-campionat-del-mon\/\" title=\"El Ajuntament de la Pobla de Vallbona rep a Mireia Mart\u00ednez, medallista en el campionat del m\u00f3n\">[+] <\/a><\/div>\n","protected":false},"author":13,"featured_media":195821,"comment_status":"open","ping_status":"open","sticky":false,"template":"","format":"gallery","meta":{"footnotes":""},"categories":[10892,11003,10898,10915,11009,10896],"tags":[10899,11074,15476,10916],"class_list":["post-195831","post","type-post","status-publish","format-gallery","has-post-thumbnail","category-camp-de-turia-ca","category-sports","category-ventana-ca","category-la-pobla-ca","category-polideportivo-ca","category-seccion-ca","tag-camp-de-turia-ca","tag-deportes-ca","tag-gimnasia-ritmica-ca","tag-la-pobla-de-vallbona-ca","post_format-post-format-gallery"],"_links":{"self":[{"href":"https:\/\/tucomarca.whitekongsoftware.com\/ca\/wp-json\/wp\/v2\/posts\/195831","targetHints":{"allow":["GET"]}}],"collection":[{"href":"https:\/\/tucomarca.whitekongsoftware.com\/ca\/wp-json\/wp\/v2\/posts"}],"about":[{"href":"https:\/\/tucomarca.whitekongsoftware.com\/ca\/wp-json\/wp\/v2\/types\/post"}],"author":[{"embeddable":true,"href":"https:\/\/tucomarca.whitekongsoftware.com\/ca\/wp-json\/wp\/v2\/users\/13"}],"replies":[{"embeddable":true,"href":"https:\/\/tucomarca.whitekongsoftware.com\/ca\/wp-json\/wp\/v2\/comments?post=195831"}],"version-history":[{"count":0,"href":"https:\/\/tucomarca.whitekongsoftware.com\/ca\/wp-json\/wp\/v2\/posts\/195831\/revisions"}],"wp:featuredmedia":[{"embeddable":true,"href":"https:\/\/tucomarca.whitekongsoftware.com\/ca\/wp-json\/wp\/v2\/media\/195821"}],"wp:attachment":[{"href":"https:\/\/tucomarca.whitekongsoftware.com\/ca\/wp-json\/wp\/v2\/media?parent=195831"}],"wp:term":[{"taxonomy":"category","embeddable":true,"href":"https:\/\/tucomarca.whitekongsoftware.com\/ca\/wp-json\/wp\/v2\/categories?post=195831"},{"taxonomy":"post_tag","embeddable":true,"href":"https:\/\/tucomarca.whitekongsoftware.com\/ca\/wp-json\/wp\/v2\/tags?post=195831"}],"curies":[{"name":"wp","href":"https:\/\/api.w.org\/{rel}","templated":true}]}}