{"id":195648,"date":"2023-08-29T08:36:00","date_gmt":"2023-08-29T06:36:00","guid":{"rendered":"https:\/\/www.tucomarca.com\/wordpress\/segunda\/?p=195648"},"modified":"2023-08-29T20:26:43","modified_gmt":"2023-08-29T18:26:43","slug":"aitana-junquero-chicano-inicia-el-seu-regnat-de-la-fira-i-festes-dutiel-2023","status":"publish","type":"post","link":"https:\/\/tucomarca.whitekongsoftware.com\/ca\/aitana-junquero-chicano-inicia-el-seu-regnat-de-la-fira-i-festes-dutiel-2023\/","title":{"rendered":"Aitana Junquero Chicano inicia el seu regnat de la Fira i Festes d&#8217;Utiel 2023"},"content":{"rendered":"\n<h4 class=\"wp-block-heading\">Dissabte passat se celebrava l&#8217;acte de proclamaci\u00f3 de la Reina i dames de les festes patronals d&#8217;Utiel que comen\u00e7aran divendres que ve 1 de setembre i es prolongaran fins al diumenge 10 de setembre.&nbsp;<\/h4>\n\n\n\n<p class=\"wp-block-paragraph\">Dissabte passat, 26 d&#8217;agost, despr\u00e9s de l&#8217;acte de proclamaci\u00f3, iniciava el seu Regnat de la Fira i Festes d&#8217;Utiel 2023 la Srta. Aitana Junquero Chicano al costat de les seues 16 Dames d&#8217;Honor: Nerea Ag\u00fce Alegre&nbsp;, Martina Carri\u00f3n Garc\u00eda, Luc\u00eda Contreras Serrano&nbsp;,Alejandra Gabald\u00f3n Alcantarilla, Candela Garc\u00eda C\u00e1rcel, Marta Gim\u00e9nez P\u00e9rez, In\u00e9s Iranzo Serrano, Carla Latorre Hern\u00e1ndez, Paula Llahosa S\u00e1ez, Andrea Morag\u00f3n Dom\u00ednguez, Marta Pardo Alcantarilla, Andrea P\u00e9rez Canyada, Andrea Platero Ochando, Nuria Ram\u00f3n Valero, Lara Rebolledo Cardona i Patricia Valero Jim\u00e9nez.<br>Un acte emotiu que va comptar amb la intervenci\u00f3 com a mantenidora de Donya Emilia Cort\u00e9s Ib\u00e1\u00f1ez, natural d&#8217;Utiel, doctora en Filologia Espanyola per la UNED, investigadora liter\u00e0ria i especialista en la figura de Zenobia Campubr\u00ed que era reconeguda en 2015 amb el premi \u201cJulivert de Plata\u201d atorgat per la Fundaci\u00f3 Juan Ram\u00f3n Jim\u00e9nez.&nbsp;<br>L&#8217;escriptora va destacar el vincle familiar i afectiu que li continua unint a Utiel i va compartir algunes de les an\u00e8cdotes i moments especials que ha viscut en la seua terra natal.<br>L&#8217;alcalde d&#8217;Utiel, Ricardo Gabald\u00f3n, va desitjar a tots els utielanos i utielanas unes bones festes i els va animar a gaudir de l&#8217;extensa i variada programaci\u00f3 d&#8217;aquesta fira. Gabald\u00f3n va traslladar la seua m\u00e9s sincera enhorabona a la reina entrant, Srta. Aitana Junquero Chicano i les seues dames d&#8217;honor i va agrair la labor desenvolupada per la seua predecessora Srta. Carla Garc\u00eda Iranzo.&nbsp;<br>Aix\u00ed mateix, va agrair a tots els treballadors de l&#8217;Ajuntament, comissi\u00f3 de festes i a totes les persones, entitats i institucions implicades la labor desenvolupada per a celebrar una extraordin\u00e0ria Fira i Festes d&#8217;Utiel.<br>Imatges cedides per<strong> Sergio Ramos<\/strong>.<\/p>\n\n\n\n<h4 class=\"wp-block-heading\"><\/h4>\n","protected":false},"excerpt":{"rendered":"<div class=\"mh-excerpt\">Dissabte passat se celebrava l&#8217;acte de proclamaci\u00f3 de la Reina i dames de les festes patronals d&#8217;Utiel que comen\u00e7aran divendres que ve 1 de setembre i es prolongaran fins al diumenge 10 de setembre.&nbsp; Dissabte <a class=\"mh-excerpt-more\" href=\"https:\/\/tucomarca.whitekongsoftware.com\/ca\/aitana-junquero-chicano-inicia-el-seu-regnat-de-la-fira-i-festes-dutiel-2023\/\" title=\"Aitana Junquero Chicano inicia el seu regnat de la Fira i Festes d&#8217;Utiel 2023\">[+] <\/a><\/div>\n","protected":false},"author":12,"featured_media":195646,"comment_status":"open","ping_status":"open","sticky":false,"template":"","format":"standard","meta":{"footnotes":""},"categories":[10894,11004,11007,11008,10909,10896,11059],"tags":[19631,10910,11174],"class_list":["post-195648","post","type-post","status-publish","format-standard","has-post-thumbnail","category-la-comarca-ca","category-la-semana-en-imagenes-ca","category-ocio-y-cultura-ca","category-pueblos-en-fiestas-ca","category-requena-utiel-ca","category-seccion-ca","category-utiel-ca","tag-feria-y-fiestas-de-utiel-2023-ca","tag-requena-utiel-ca","tag-utiel-ca"],"_links":{"self":[{"href":"https:\/\/tucomarca.whitekongsoftware.com\/ca\/wp-json\/wp\/v2\/posts\/195648","targetHints":{"allow":["GET"]}}],"collection":[{"href":"https:\/\/tucomarca.whitekongsoftware.com\/ca\/wp-json\/wp\/v2\/posts"}],"about":[{"href":"https:\/\/tucomarca.whitekongsoftware.com\/ca\/wp-json\/wp\/v2\/types\/post"}],"author":[{"embeddable":true,"href":"https:\/\/tucomarca.whitekongsoftware.com\/ca\/wp-json\/wp\/v2\/users\/12"}],"replies":[{"embeddable":true,"href":"https:\/\/tucomarca.whitekongsoftware.com\/ca\/wp-json\/wp\/v2\/comments?post=195648"}],"version-history":[{"count":0,"href":"https:\/\/tucomarca.whitekongsoftware.com\/ca\/wp-json\/wp\/v2\/posts\/195648\/revisions"}],"wp:featuredmedia":[{"embeddable":true,"href":"https:\/\/tucomarca.whitekongsoftware.com\/ca\/wp-json\/wp\/v2\/media\/195646"}],"wp:attachment":[{"href":"https:\/\/tucomarca.whitekongsoftware.com\/ca\/wp-json\/wp\/v2\/media?parent=195648"}],"wp:term":[{"taxonomy":"category","embeddable":true,"href":"https:\/\/tucomarca.whitekongsoftware.com\/ca\/wp-json\/wp\/v2\/categories?post=195648"},{"taxonomy":"post_tag","embeddable":true,"href":"https:\/\/tucomarca.whitekongsoftware.com\/ca\/wp-json\/wp\/v2\/tags?post=195648"}],"curies":[{"name":"wp","href":"https:\/\/api.w.org\/{rel}","templated":true}]}}