{"id":195211,"date":"2023-08-28T09:30:00","date_gmt":"2023-08-28T07:30:00","guid":{"rendered":"https:\/\/www.tucomarca.com\/wordpress\/segunda\/?p=195211"},"modified":"2023-08-28T13:22:39","modified_gmt":"2023-08-28T11:22:39","slug":"la-presentacio-dona-inici-a-les-festes-patronals-de-benaguasil","status":"publish","type":"post","link":"https:\/\/tucomarca.whitekongsoftware.com\/ca\/la-presentacio-dona-inici-a-les-festes-patronals-de-benaguasil\/","title":{"rendered":"La Presentaci\u00f3 dona inici a les festes patronals de Benaguasil"},"content":{"rendered":"\n<h3 class=\"wp-block-heading\"><strong>Centenars de ve\u00efns van omplir la Pla\u00e7a per a veure en directe com Ahinara Vila i Jorge Rastrero van ser presentats com m\u00e0xims representants de les festes.<\/strong><\/h3>\n\n\n\n<p class=\"wp-block-paragraph\">Benaguasil ha iniciat les festes patronals amb la presentaci\u00f3 de la Reina de les Festes, la jove Ahinara Vila Bochons, i la seua Cort d&#8217;Honor, aix\u00ed com del Clavari Major de Sant Llu\u00eds Gonzaga, Jorge Rastrero Tortajada i els festers.<br>L&#8217;acte va comen\u00e7ar a l&#8217;Ajuntament, on la corporaci\u00f3 municipal va rebre a les joves per a celebrar el ple en el qual es va oficialitzar el nomenament de les festeres i els llu\u00efsos. Una vegada realitzat l&#8217;acte protocol\u00b7lari, la comitiva es va dirigir a la pla\u00e7a per a celebrar l&#8217;emotiu acte de la presentaci\u00f3. All\u00ed, i abrigallats per familiars i amics, aix\u00ed com representants d&#8217;associacions, falles, clavaries i les autoritats municipals, van pujar a l&#8217;escenari la Reina de 2022, Claudia Collado Peris i el Lluis Major Miguel \u00c1ngel Civera.\u00a0<\/p>\n\n\n\n<p class=\"wp-block-paragraph\">Despr\u00e9s dels parlaments de tots dos per a acomiadar-se del c\u00e0rrec va arribar el moment m\u00e9s esperat de la nit, la imposici\u00f3 de la corona que distingeix a Ahinara com a m\u00e0xima representant de les festes de Benaguasil.<\/p>\n\n\n\n<p class=\"wp-block-paragraph\">Despr\u00e9s d&#8217;aix\u00f2 la nova reina va imposar la caramba a les joves que l&#8217;acompanyaran durant tot el seu regnat, finalitzant l&#8217;acte els discursos de la mantenidora de l&#8217;acte, la periodista Noelia Chisbert i de l&#8217;alcalde de Benaguasil, Ximo Segarra.<br>La presentaci\u00f3 dona inici a un extens programa festiu en el qual la Regidoria ha previst diferents actes i activitats per a tots els p\u00fablics. Activitats musicals i culturals a m\u00e9s de les pr\u00f2piament religioses podran gaudir-se fins al dia 24 de setembre que culminaran els actes en honor a la Patrona la Verge de Montiel.<\/p>\n\n\n\n<figure class=\"wp-block-gallery has-nested-images columns-1 is-cropped wp-block-gallery-1 is-layout-flex wp-block-gallery-is-layout-flex\">\n<figure class=\"wp-block-image size-large\"><img loading=\"lazy\" decoding=\"async\" width=\"1600\" height=\"1067\" data-id=\"195206\" src=\"http:\/\/www.tucomarca.com\/wordpress\/segunda\/wp-content\/uploads\/2023\/08\/festeros.jpg\" alt=\"\" class=\"wp-image-195206\" srcset=\"https:\/\/tucomarca.whitekongsoftware.com\/wp-content\/uploads\/2023\/08\/festeros.jpg 1600w, https:\/\/tucomarca.whitekongsoftware.com\/wp-content\/uploads\/2023\/08\/festeros-300x200.jpg 300w, https:\/\/tucomarca.whitekongsoftware.com\/wp-content\/uploads\/2023\/08\/festeros-1024x683.jpg 1024w, https:\/\/tucomarca.whitekongsoftware.com\/wp-content\/uploads\/2023\/08\/festeros-768x512.jpg 768w, https:\/\/tucomarca.whitekongsoftware.com\/wp-content\/uploads\/2023\/08\/festeros-1536x1024.jpg 1536w\" sizes=\"auto, (max-width: 1600px) 100vw, 1600px\" \/><\/figure>\n\n\n\n<figure class=\"wp-block-image size-large\"><img loading=\"lazy\" decoding=\"async\" width=\"1600\" height=\"1067\" data-id=\"195204\" src=\"http:\/\/www.tucomarca.com\/wordpress\/segunda\/wp-content\/uploads\/2023\/08\/festera.jpg\" alt=\"\" class=\"wp-image-195204\" srcset=\"https:\/\/tucomarca.whitekongsoftware.com\/wp-content\/uploads\/2023\/08\/festera.jpg 1600w, https:\/\/tucomarca.whitekongsoftware.com\/wp-content\/uploads\/2023\/08\/festera-300x200.jpg 300w, https:\/\/tucomarca.whitekongsoftware.com\/wp-content\/uploads\/2023\/08\/festera-1024x683.jpg 1024w, https:\/\/tucomarca.whitekongsoftware.com\/wp-content\/uploads\/2023\/08\/festera-768x512.jpg 768w, https:\/\/tucomarca.whitekongsoftware.com\/wp-content\/uploads\/2023\/08\/festera-1536x1024.jpg 1536w\" sizes=\"auto, (max-width: 1600px) 100vw, 1600px\" \/><\/figure>\n\n\n\n<figure class=\"wp-block-image size-large\"><img loading=\"lazy\" decoding=\"async\" width=\"1600\" height=\"1067\" data-id=\"195202\" src=\"http:\/\/www.tucomarca.com\/wordpress\/segunda\/wp-content\/uploads\/2023\/08\/coronacion.jpg\" alt=\"\" class=\"wp-image-195202\" srcset=\"https:\/\/tucomarca.whitekongsoftware.com\/wp-content\/uploads\/2023\/08\/coronacion.jpg 1600w, https:\/\/tucomarca.whitekongsoftware.com\/wp-content\/uploads\/2023\/08\/coronacion-300x200.jpg 300w, https:\/\/tucomarca.whitekongsoftware.com\/wp-content\/uploads\/2023\/08\/coronacion-1024x683.jpg 1024w, https:\/\/tucomarca.whitekongsoftware.com\/wp-content\/uploads\/2023\/08\/coronacion-768x512.jpg 768w, https:\/\/tucomarca.whitekongsoftware.com\/wp-content\/uploads\/2023\/08\/coronacion-1536x1024.jpg 1536w\" sizes=\"auto, (max-width: 1600px) 100vw, 1600px\" \/><\/figure>\n\n\n\n<figure class=\"wp-block-image size-large\"><img loading=\"lazy\" decoding=\"async\" width=\"1600\" height=\"1067\" data-id=\"195200\" src=\"http:\/\/www.tucomarca.com\/wordpress\/segunda\/wp-content\/uploads\/2023\/08\/caramba.jpg\" alt=\"\" class=\"wp-image-195200\" srcset=\"https:\/\/tucomarca.whitekongsoftware.com\/wp-content\/uploads\/2023\/08\/caramba.jpg 1600w, https:\/\/tucomarca.whitekongsoftware.com\/wp-content\/uploads\/2023\/08\/caramba-300x200.jpg 300w, https:\/\/tucomarca.whitekongsoftware.com\/wp-content\/uploads\/2023\/08\/caramba-1024x683.jpg 1024w, https:\/\/tucomarca.whitekongsoftware.com\/wp-content\/uploads\/2023\/08\/caramba-768x512.jpg 768w, https:\/\/tucomarca.whitekongsoftware.com\/wp-content\/uploads\/2023\/08\/caramba-1536x1024.jpg 1536w\" sizes=\"auto, (max-width: 1600px) 100vw, 1600px\" \/><\/figure>\n<\/figure>\n","protected":false},"excerpt":{"rendered":"<div class=\"mh-excerpt\">Centenars de ve\u00efns van omplir la Pla\u00e7a per a veure en directe com Ahinara Vila i Jorge Rastrero van ser presentats com m\u00e0xims representants de les festes. Benaguasil ha iniciat les festes patronals amb la <a class=\"mh-excerpt-more\" href=\"https:\/\/tucomarca.whitekongsoftware.com\/ca\/la-presentacio-dona-inici-a-les-festes-patronals-de-benaguasil\/\" title=\"La Presentaci\u00f3 dona inici a les festes patronals de Benaguasil\">[+] <\/a><\/div>\n","protected":false},"author":1,"featured_media":195209,"comment_status":"open","ping_status":"open","sticky":false,"template":"","format":"gallery","meta":{"footnotes":""},"categories":[10952,10892,11005,10898,10894,11004,11007,11008,10896],"tags":[11136,10899,11191],"class_list":["post-195211","post","type-post","status-publish","format-gallery","has-post-thumbnail","category-benaguasil-ca","category-camp-de-turia-ca","category-canal-musica","category-ventana-ca","category-la-comarca-ca","category-la-semana-en-imagenes-ca","category-ocio-y-cultura-ca","category-pueblos-en-fiestas-ca","category-seccion-ca","tag-benaguasil-ca","tag-camp-de-turia-ca","tag-fiestas-ca","post_format-post-format-gallery"],"_links":{"self":[{"href":"https:\/\/tucomarca.whitekongsoftware.com\/ca\/wp-json\/wp\/v2\/posts\/195211","targetHints":{"allow":["GET"]}}],"collection":[{"href":"https:\/\/tucomarca.whitekongsoftware.com\/ca\/wp-json\/wp\/v2\/posts"}],"about":[{"href":"https:\/\/tucomarca.whitekongsoftware.com\/ca\/wp-json\/wp\/v2\/types\/post"}],"author":[{"embeddable":true,"href":"https:\/\/tucomarca.whitekongsoftware.com\/ca\/wp-json\/wp\/v2\/users\/1"}],"replies":[{"embeddable":true,"href":"https:\/\/tucomarca.whitekongsoftware.com\/ca\/wp-json\/wp\/v2\/comments?post=195211"}],"version-history":[{"count":0,"href":"https:\/\/tucomarca.whitekongsoftware.com\/ca\/wp-json\/wp\/v2\/posts\/195211\/revisions"}],"wp:featuredmedia":[{"embeddable":true,"href":"https:\/\/tucomarca.whitekongsoftware.com\/ca\/wp-json\/wp\/v2\/media\/195209"}],"wp:attachment":[{"href":"https:\/\/tucomarca.whitekongsoftware.com\/ca\/wp-json\/wp\/v2\/media?parent=195211"}],"wp:term":[{"taxonomy":"category","embeddable":true,"href":"https:\/\/tucomarca.whitekongsoftware.com\/ca\/wp-json\/wp\/v2\/categories?post=195211"},{"taxonomy":"post_tag","embeddable":true,"href":"https:\/\/tucomarca.whitekongsoftware.com\/ca\/wp-json\/wp\/v2\/tags?post=195211"}],"curies":[{"name":"wp","href":"https:\/\/api.w.org\/{rel}","templated":true}]}}