{"id":195025,"date":"2023-08-25T07:00:00","date_gmt":"2023-08-25T05:00:00","guid":{"rendered":"https:\/\/www.tucomarca.com\/wordpress\/segunda\/?p=195025"},"modified":"2023-08-25T15:19:02","modified_gmt":"2023-08-25T13:19:02","slug":"sanitat-alerta-de-nivell-de-risc-alt-en-municipis-de-set-comarques-de-la-comunitat-valenciana-i-mitja-en-altres-desset","status":"publish","type":"post","link":"https:\/\/tucomarca.whitekongsoftware.com\/ca\/sanitat-alerta-de-nivell-de-risc-alt-en-municipis-de-set-comarques-de-la-comunitat-valenciana-i-mitja-en-altres-desset\/","title":{"rendered":"Sanitat alerta de nivell de risc alt en municipis de set comarques de la Comunitat Valenciana i mitj\u00e0 en altres d\u00e8sset"},"content":{"rendered":"\n<p class=\"wp-block-paragraph\">S&#8217;aconsella anar amb compte amb el sol, especialment entre les 12,00 hores i les 17,00 hores, buscar llocs frescos i a l&#8217;ombra i no realitzar exercici f\u00edsic intens en les hores m\u00e9s caloroses<br>Es recomana beure abundants l\u00edquids, evitar begudes amb cafe\u00efna, alcohol o ensucrades, que poden afavorir la deshidrataci\u00f3, i menjar abundants ensalades, fruites i verdures<br>La Conselleria de Sanitat ha anunciat que, segons les prediccions realitzades en el marc de la vigil\u00e0ncia del Programa de Prevenci\u00f3 i Atenci\u00f3 als problemes de salut derivats de les altes temperatures en la Comunitat Valenciana, per al dia 25 d&#8217;agost s&#8217;observa nivell de risc ALT (ROJO) en els seg\u00fcents municipis i comarques:<\/p>\n\n\n\n<p class=\"wp-block-paragraph\">El Comtat: (Alcosser, Cocentaina, l&#8217;Alqueria d&#8217;Asnar, Muro d&#8217;Alcoi).<br>La Vall de Cofrents-Aiora: (Cofrents, Cortes de Pallars, Xalans, Xarafull, Teresa de Cofrents).<br>Alt Vinalop\u00f3: (Villena).<br>La Costera: (Barxeta, el Genov\u00e9s, la Font de la Figuera, Llocnou d&#8217;en Fenollet, Moixent\/Moixent, Vall\u00e9s).<br>La Foia de Bunyol: (I\u00e0tova, Dosaig\u00fces).<br>La Ribera Alta: (l&#8217;\u00c8nova).<br>La Vall d&#8217;Albaida: (Otos, Albaida, Alfarras\u00ed, B\u00e8lgida, Bell\u00fas, Benig\u00e0nim, Benissuera , Bufali , el Palomar, Guadass\u00e9quies, la Pobla del Duc, Montaverner, Ontinyent, Quatretonda, Sempere).<br>Aix\u00ed mateix, s&#8217;observa nivell de risc MITJ\u00c0 (TARONJA) en les seg\u00fcents comarques i municipis:<\/p>\n\n\n\n<p class=\"wp-block-paragraph\">La Vega Baixa: (Albatera, Almorad\u00ed, Benej\u00fasser, Benferri, Bigastre, Callosa de Segura, Catral, Coix, Dolores, la Granja de Rocamora, Xacarella, Oriola, Rafal, Redov\u00e0, Sant Isidre).<br>El Baix Vinalop\u00f3: (Crevillent, Elx\/Elx).<br>El Camp de T\u00faria: (Loriguilla).<br>El Comtat: (Alfafara , Almudaina , Balones , Benasau, Beniarr\u00e9s, Benilloba, Benillup,Benimarfull , Gaianes, Gorga, l&#8217;Orxa\/l&#8217;Orxa, Millena, Plans).<br>La Vall de Cofrents-Aiora: (Aiora, Zarra).<br>El Vinalop\u00f3 Mitj\u00e0: (Montfort, Mon\u00f2ver\/Mon\u00f2ver, Novelda, Asp).<br>L&#8217;Alcoi\u00e0: (Alcoi\/Alcoi, Banyeres de Mariola, Benifallim,Pen\u00e0guila).<br>Alt Vinalop\u00f3: (Beneixama, Biar, el Camp de Mirra\/el Camp de Mirra, la Canyada, Salines, Saix).<br>La Canal de Navarr\u00e9s: (Millars, Anna, Bicorb, Bolbait, Xella, \u00c9nguera, Navarr\u00e9s, Quesa).<br>La Costera: (Canals, Cerd\u00e0, Estubeny, l&#8217;Alc\u00fadia de Crespins, la Granja de la Costera, la Llosa de Ranes, Llanera de Ranes, Montesa, Novetl\u00e8\/Novetl\u00e8, Rotgl\u00e0 i Corber\u00e0, Torrella, Vallada, X\u00e0tiva).<br>La Foia de Bunyol: (Alboraig, Bunyol, Macastre).<br>La Marina Alta: (Benidoleig, l&#8217;Atz\u00fabia, Orba, Pego, Sagra, Tormos).<br>La Plana d&#8217;Utiel-Requena: (Xera, Requena, Venta del Moro, Villargordo del Cabriel).<br>La Ribera Alta: (Alberic, Alzira, Antella, Carcaixent, Gavarda, Tous, Alc\u00e0ntera de X\u00faquer, Beneixida, C\u00e0rcer, Castell\u00f3 (Vilanova de Castell\u00f3), Cotes, la Pobla Llarga, Manuel, Rafelguaraf, Sant Joanet, Sellent, Senyera, Sumac\u00e0rcer).<br>La Safor: (Ador, Alfauir, Almiser\u00e0, Almoines, Bellreguard, Beniarj\u00f3, Benifair\u00f3 de la Valldigna, Benifl\u00e0, Benirredr\u00e0, Castellonet de la Conquesta, Daim\u00fas, el Real de Gandia, Gandia, Guardamar de la Safor, l&#8217;Alqueria de la Comtessa , la Font d&#8217;en Carr\u00f2s , Llocnou de Sant Jeroni ,Miramar, Oliva, Palma de Gandia, Palmera, Piles, Potries, Rafelcofer, R\u00f2tova, Simat de la Valldigna , Vilallonga\/Vilallonga).<br>La Regi\u00f3 muntanyenca: (Benaixeve, Aras de los Olmos, Calles, Xelva, Xulilla, Domenyo, Titaig\u00fces, Toixa).<br>La Vall d&#8217;Albaida: (Aielo de Rugat, Beniatjar, Benicolet, Castell\u00f3 de Rugat, Montitxelvo\/Montitxelvo , el R\u00e0fol de Salem , Rugat , Salem , Terrateig , Agullent, Aielo de Malferit , Atzeneta d&#8217;Albaida , Benissoda , Bocairent , Carr\u00edcola , Fontanars dels Alforins , l&#8217;Olleria , Llutxent).<br>Enfront de les altes temperatures, s&#8217;aconsella anar amb compte amb el sol, especialment entre les 12 i les 17 hores, buscar llocs frescos i a l&#8217;ombra i no realitzar exercici f\u00edsic intens en les hores m\u00e9s caloroses i utilitzar cremes protectores adequades.<\/p>\n\n\n\n<p class=\"wp-block-paragraph\">Tamb\u00e9 es recomana beure abundants l\u00edquids, evitar begudes amb cafe\u00efna, alcohol o ensucrades, que poden afavorir la deshidrataci\u00f3 i menjar abundants ensalades, fruites i verdures.<\/p>\n\n\n\n<p class=\"wp-block-paragraph\">Aix\u00ed mateix, cal anar amb compte, especialment, de les persones majors, malaltes i menors de 4 anys i no oblidar a ning\u00fa dins del cotxe, tampoc a les mascotes.<\/p>\n\n\n\n<p class=\"wp-block-paragraph\">De la mateixa manera, enfront de les altes temperatures nocturnes, s&#8217;aconsella mantindre&#8217;s en llocs frescos, amb aire condicionat o ben ventilat i usar roba lleugera; hidratar-se, evitant begudes molt ensucrades o alcoh\u00f2liques i els sopars copiosos; parar atenci\u00f3 als s\u00edmptomes del colp de calor (temperatura corporal elevada, sudoraci\u00f3, marejos, confusi\u00f3, etc.).<\/p>\n\n\n\n<p class=\"wp-block-paragraph\">Finalment, igual que enfront de les altes temperatures di\u00fcrnes, es recomana vigilar especialment a les persones majors, malaltes i menors de 4 anys.<\/p>\n\n\n\n<p class=\"wp-block-paragraph\">Es disposa dels seg\u00fcents enlla\u00e7os per a consultar els municipis i el seu nivell de risc per temperatures di\u00fcrnes i nocturnes mitjan\u00e7ant mapes interactius: onada de calor i meteoclim.<\/p>\n","protected":false},"excerpt":{"rendered":"<div class=\"mh-excerpt\">S&#8217;aconsella anar amb compte amb el sol, especialment entre les 12,00 hores i les 17,00 hores, buscar llocs frescos i a l&#8217;ombra i no realitzar exercici f\u00edsic intens en les hores m\u00e9s calorosesEs recomana beure <a class=\"mh-excerpt-more\" href=\"https:\/\/tucomarca.whitekongsoftware.com\/ca\/sanitat-alerta-de-nivell-de-risc-alt-en-municipis-de-set-comarques-de-la-comunitat-valenciana-i-mitja-en-altres-desset\/\" title=\"Sanitat alerta de nivell de risc alt en municipis de set comarques de la Comunitat Valenciana i mitj\u00e0 en altres d\u00e8sset\">[+] <\/a><\/div>\n","protected":false},"author":1,"featured_media":139316,"comment_status":"open","ping_status":"open","sticky":false,"template":"","format":"standard","meta":{"footnotes":""},"categories":[10951,11046,10898,10948,10963,10894,10904,10912,10902,10903,10909,10896,10897],"tags":[11216,10914],"class_list":["post-195025","post","type-post","status-publish","format-standard","has-post-thumbnail","category-ayora-cofrentes-ca","category-los-serranos-ca","category-ventana-ca","category-infraestructuras-ca","category-la-canal-de-navarres-ca","category-la-comarca-ca","category-sin-categorizar-ca","category-la-hoya-ca","category-la-ribera-ca","category-medio-ambiente-la-comarca-ca","category-requena-utiel-ca","category-seccion-ca","category-sucesos-la-comarca-ca","tag-ayora-cofrentes-ca","tag-la-hoya-de-bunol-chiva-ca"],"_links":{"self":[{"href":"https:\/\/tucomarca.whitekongsoftware.com\/ca\/wp-json\/wp\/v2\/posts\/195025","targetHints":{"allow":["GET"]}}],"collection":[{"href":"https:\/\/tucomarca.whitekongsoftware.com\/ca\/wp-json\/wp\/v2\/posts"}],"about":[{"href":"https:\/\/tucomarca.whitekongsoftware.com\/ca\/wp-json\/wp\/v2\/types\/post"}],"author":[{"embeddable":true,"href":"https:\/\/tucomarca.whitekongsoftware.com\/ca\/wp-json\/wp\/v2\/users\/1"}],"replies":[{"embeddable":true,"href":"https:\/\/tucomarca.whitekongsoftware.com\/ca\/wp-json\/wp\/v2\/comments?post=195025"}],"version-history":[{"count":0,"href":"https:\/\/tucomarca.whitekongsoftware.com\/ca\/wp-json\/wp\/v2\/posts\/195025\/revisions"}],"wp:featuredmedia":[{"embeddable":true,"href":"https:\/\/tucomarca.whitekongsoftware.com\/ca\/wp-json\/wp\/v2\/media\/139316"}],"wp:attachment":[{"href":"https:\/\/tucomarca.whitekongsoftware.com\/ca\/wp-json\/wp\/v2\/media?parent=195025"}],"wp:term":[{"taxonomy":"category","embeddable":true,"href":"https:\/\/tucomarca.whitekongsoftware.com\/ca\/wp-json\/wp\/v2\/categories?post=195025"},{"taxonomy":"post_tag","embeddable":true,"href":"https:\/\/tucomarca.whitekongsoftware.com\/ca\/wp-json\/wp\/v2\/tags?post=195025"}],"curies":[{"name":"wp","href":"https:\/\/api.w.org\/{rel}","templated":true}]}}