{"id":194885,"date":"2023-08-24T10:00:00","date_gmt":"2023-08-24T08:00:00","guid":{"rendered":"https:\/\/www.tucomarca.com\/wordpress\/segunda\/?p=194885"},"modified":"2023-08-24T11:29:22","modified_gmt":"2023-08-24T09:29:22","slug":"ferevin-torna-a-oferir-un-any-mes-els-millors-vins-i-caves-a-requena","status":"publish","type":"post","link":"https:\/\/tucomarca.whitekongsoftware.com\/ca\/ferevin-torna-a-oferir-un-any-mes-els-millors-vins-i-caves-a-requena\/","title":{"rendered":"Ferevin torna a oferir un any m\u00e9s els millors vins i caves a Requena"},"content":{"rendered":"\n<p class=\"wp-block-paragraph\">Aquest dijous, 24 d&#8217;agost, dona principi una nova edici\u00f3 de Ferevin, la Fira Requenense del Vi, en la bella ciutat de Requena. Aquest esperat esdeveniment vin\u00edcola, reconegut a nivell nacional, comptar\u00e0 amb una inauguraci\u00f3 d&#8217;alt nivell que inclour\u00e0 la distingida pres\u00e8ncia del Conseller d&#8217;Agricultura, Ramaderia i Pesca, Jos\u00e9 Luis Aguirre. La Vicepresidenta de la Diputaci\u00f3 de Val\u00e8ncia, Mar\u00eda del Remei Mazzolari Tortajada, tamb\u00e9 ser\u00e0 present en l&#8217;acte inaugural.<\/p>\n\n\n\n<p class=\"wp-block-paragraph\">La import\u00e0ncia de Ferevin radica en la seua contribuci\u00f3 a la promoci\u00f3 i valoritzaci\u00f3 de la rica tradici\u00f3 vitivin\u00edcola de la regi\u00f3. En aquesta edici\u00f3, l&#8217;esdeveniment busca destacar la col\u00b7laboraci\u00f3 i l&#8217;esfor\u00e7 conjunt de diverses entitats per a impulsar el desenvolupament rural i la innovaci\u00f3 en el sector agr\u00edcola.<\/p>\n\n\n\n<p class=\"wp-block-paragraph\">A m\u00e9s de les distingides personalitats esmentades, el Director General de Desenvolupament Rural, Fernando Javier Benito Goeich, i el Director de la PAC, Joaqu\u00edn G\u00f3mez Bau, tamb\u00e9 seran presents en la inauguraci\u00f3. La seua participaci\u00f3 ressalta la rellev\u00e0ncia de la fira com a plataforma per a discutir pol\u00edtiques agr\u00edcoles i compartir coneixements sobre la producci\u00f3 i comercialitzaci\u00f3 del vi.<\/p>\n\n\n\n<p class=\"wp-block-paragraph\">&nbsp;Ferevin 2023 promet ser una experi\u00e8ncia enriquidora per a tots els assistents, amb degustacions de vins excepcionals, activitats culturals i confer\u00e8ncies especialitzades. La fira es dur\u00e0 a terme en el recinte firal i s&#8217;estendr\u00e0 fins diumenge que ve, 27 d&#8217;agost. Des de l&#8217;Ajuntament&nbsp; conviden a \u201cels amants del vi, professionals de la ind\u00fastria i p\u00fablic en general a unir-se a nosaltres en la inauguraci\u00f3 d&#8217;aquest esdeveniment que celebra la passi\u00f3 i l&#8217;esfor\u00e7 dedicats a la producci\u00f3 vin\u00edcola a Requena i els seus voltants\u201d. Informa,&nbsp;<strong>Luis Ib\u00e1\u00f1ez<\/strong>.<\/p>\n\n\n\n<figure class=\"wp-block-image size-full is-resized\"><img loading=\"lazy\" decoding=\"async\" src=\"https:\/\/www.tucomarca.com\/wordpress\/segunda\/wp-content\/uploads\/2023\/08\/Requevin-1.jpg\" alt=\"\" class=\"wp-image-194888\" width=\"549\" height=\"761\" srcset=\"https:\/\/tucomarca.whitekongsoftware.com\/wp-content\/uploads\/2023\/08\/Requevin-1.jpg 709w, https:\/\/tucomarca.whitekongsoftware.com\/wp-content\/uploads\/2023\/08\/Requevin-1-216x300.jpg 216w\" sizes=\"auto, (max-width: 549px) 100vw, 549px\" \/><\/figure>\n","protected":false},"excerpt":{"rendered":"<div class=\"mh-excerpt\">Aquest dijous, 24 d&#8217;agost, dona principi una nova edici\u00f3 de Ferevin, la Fira Requenense del Vi, en la bella ciutat de Requena. Aquest esperat esdeveniment vin\u00edcola, reconegut a nivell nacional, comptar\u00e0 amb una inauguraci\u00f3 d&#8217;alt <a class=\"mh-excerpt-more\" href=\"https:\/\/tucomarca.whitekongsoftware.com\/ca\/ferevin-torna-a-oferir-un-any-mes-els-millors-vins-i-caves-a-requena\/\" title=\"Ferevin torna a oferir un any m\u00e9s els millors vins i caves a Requena\">[+] <\/a><\/div>\n","protected":false},"author":12,"featured_media":194883,"comment_status":"open","ping_status":"open","sticky":false,"template":"","format":"standard","meta":{"footnotes":""},"categories":[11019,11006,10898,10894,11007,10908,10909,10896],"tags":[15465,11099,10910],"class_list":["post-194885","post","type-post","status-publish","format-standard","has-post-thumbnail","category-agenda-ca","category-canal-vinos","category-ventana-ca","category-la-comarca-ca","category-ocio-y-cultura-ca","category-requena-ca","category-requena-utiel-ca","category-seccion-ca","tag-ferevin-ca","tag-requena-ca","tag-requena-utiel-ca"],"_links":{"self":[{"href":"https:\/\/tucomarca.whitekongsoftware.com\/ca\/wp-json\/wp\/v2\/posts\/194885","targetHints":{"allow":["GET"]}}],"collection":[{"href":"https:\/\/tucomarca.whitekongsoftware.com\/ca\/wp-json\/wp\/v2\/posts"}],"about":[{"href":"https:\/\/tucomarca.whitekongsoftware.com\/ca\/wp-json\/wp\/v2\/types\/post"}],"author":[{"embeddable":true,"href":"https:\/\/tucomarca.whitekongsoftware.com\/ca\/wp-json\/wp\/v2\/users\/12"}],"replies":[{"embeddable":true,"href":"https:\/\/tucomarca.whitekongsoftware.com\/ca\/wp-json\/wp\/v2\/comments?post=194885"}],"version-history":[{"count":0,"href":"https:\/\/tucomarca.whitekongsoftware.com\/ca\/wp-json\/wp\/v2\/posts\/194885\/revisions"}],"wp:featuredmedia":[{"embeddable":true,"href":"https:\/\/tucomarca.whitekongsoftware.com\/ca\/wp-json\/wp\/v2\/media\/194883"}],"wp:attachment":[{"href":"https:\/\/tucomarca.whitekongsoftware.com\/ca\/wp-json\/wp\/v2\/media?parent=194885"}],"wp:term":[{"taxonomy":"category","embeddable":true,"href":"https:\/\/tucomarca.whitekongsoftware.com\/ca\/wp-json\/wp\/v2\/categories?post=194885"},{"taxonomy":"post_tag","embeddable":true,"href":"https:\/\/tucomarca.whitekongsoftware.com\/ca\/wp-json\/wp\/v2\/tags?post=194885"}],"curies":[{"name":"wp","href":"https:\/\/api.w.org\/{rel}","templated":true}]}}