{"id":194746,"date":"2023-08-22T09:30:00","date_gmt":"2023-08-22T07:30:00","guid":{"rendered":"https:\/\/www.tucomarca.com\/wordpress\/segunda\/?p=194746"},"modified":"2023-08-22T19:26:49","modified_gmt":"2023-08-22T17:26:49","slug":"salome-pradas-anuncia-que-les-obres-de-la-nova-ronda-oest-de-carlet-comencaran-en-sis-mesos","status":"publish","type":"post","link":"https:\/\/tucomarca.whitekongsoftware.com\/ca\/salome-pradas-anuncia-que-les-obres-de-la-nova-ronda-oest-de-carlet-comencaran-en-sis-mesos\/","title":{"rendered":"Salom\u00e9 Pradas anuncia que les obres de la nova Ronda Oest de Carlet comen\u00e7aran en sis mesos"},"content":{"rendered":"\n<p class=\"wp-block-paragraph\"><strong>La consellera d&#8217;Infraestructures assegura que el nou vial ser\u00e0 el gran eix vertebrador del Carlet del futur i exemple dels projectes urbans que impulsar\u00e0 el Consell<\/strong><\/p>\n\n\n\n<p class=\"wp-block-paragraph\"><strong>Els treballs duraran dos anys i mig amb una inversi\u00f3 de 7,4 milions, destinats a desviar gran part dels 8.800 vehicles diaris que suporta el tram de la CV-50 que creua la localitat<\/strong><\/p>\n\n\n\n<p class=\"wp-block-paragraph\">La consellera de Medi Ambient, Aigua, Infraestructures i Territori, Salom\u00e9 Pradas, ha anunciat que les obres de la nova Ronda Oest de Carlet comen\u00e7aran en sis mesos. El projecte compta amb un pressupost de 7,4 milions d&#8217;euros i un termini d&#8217;execuci\u00f3 previst de dos anys i mig.<\/p>\n\n\n\n<p class=\"wp-block-paragraph\">Per a Pradas, aquesta infraestructura \u201cser\u00e0 el gran eix vertebrador del Carlet del futur i exemple dels projectes urbans que impulsar\u00e0 a Consell per a millorar la qualitat de vida en els nostres municipis\u201d.<\/p>\n\n\n\n<p class=\"wp-block-paragraph\">Aix\u00ed s&#8217;ha expressat la consellera despr\u00e9s de la seua reuni\u00f3 amb l&#8217;alcaldessa de Carlet, Laura S\u00e1ez, davant la qual s&#8217;ha comprom\u00e9s a agilitzar la futura obra que desviar\u00e0 gran part dels 8.800 vehicles diaris que suporta el tram de la CV-50 que actualment creua la localitat.<\/p>\n\n\n\n<p class=\"wp-block-paragraph\">Durant la reuni\u00f3, la responsable d&#8217;Infraestructures ha explicat que la Generalitat planteja la construcci\u00f3 d&#8217;una nova ronda vi\u00e0ria exterior a la poblaci\u00f3, per a afavorir la descongesti\u00f3 del tr\u00e0nsit i qualitat ambiental. \u201cLa Generalitat es compromet a agilitzar aquesta actuaci\u00f3 urbana tan necess\u00e0ria per a Carlet perqu\u00e8 resoldr\u00e0 un problema hist\u00f2ric de funcionalitat en el municipi i, a m\u00e9s, potenciar\u00e0 un eix de trobada, respectu\u00f3s amb el medi ambient i amb espais p\u00fablics recreatius que fomenten els despla\u00e7aments a peu o amb bicicleta\u201d.<\/p>\n\n\n\n<p class=\"wp-block-paragraph\">Pradas ha assenyalat que \u201cel desenvolupament d&#8217;infraestructures i sostenibilitat aniran de bracet en el disseny de les nostres ciutats. Per aix\u00f2, aquest projecte \u00e9s un exemple de la import\u00e0ncia que per al Consell t\u00e9 prioritzar rondes de circumval\u00b7laci\u00f3 i l&#8217;\u00fas de vehicles alternatius. A m\u00e9s, contribuir\u00e0 d&#8217;una manera substancial a reduir el volum de tr\u00e0nsit en el nucli urb\u00e0\u201d.<\/p>\n\n\n\n<p class=\"wp-block-paragraph\"><strong>Caracter\u00edstiques del projecte<\/strong><\/p>\n\n\n\n<p class=\"wp-block-paragraph\">La Ronda Oest tindr\u00e0 uns 1.680 metres de longitud que s&#8217;estendr\u00e0 en la vora exterior del municipi per a crear un eix paral\u00b7lel a l&#8217;actual travessia i situat a uns 500 metres. A m\u00e9s del tr\u00e0nsit rodat, comptar\u00e0 amb vials per a bicicletes i un passeig per a vianants. A fi de controlar la velocitat, disposar\u00e0 de tres glorietes en els encreuaments principals.<\/p>\n\n\n\n<p class=\"wp-block-paragraph\">El vial tindr\u00e0 19,90 metres d&#8217;ampl\u00e0ria compost per una cal\u00e7ada amb dos sentits de circulaci\u00f3 separada per una mitjana xafable d&#8217;un metre i vorals de cinquanta cent\u00edmetres, excepte en el tram central (entre el Cam\u00ed dels Dep\u00f2sits i el Cam\u00ed del Cementeri) en el qual es disposaran dos carrils per sentit.<\/p>\n\n\n\n<p class=\"wp-block-paragraph\">La infraestructura es completar\u00e0 amb una banda enjardinada de 2,4 metres d&#8217;ampl\u00e0ria per la banda exterior i un passeig enjardinat de 9,5 metres que comptar\u00e0 amb un carril bici i una andana per als vianants. En suma, la superf\u00edcie per a vianants i ciclistes ser\u00e0 d&#8217;uns 15.000 metres quadrats on est\u00e0 previst que es planten 853 arbres i prop de 10.000 arbustos.<\/p>\n\n\n\n<p class=\"wp-block-paragraph\">Est\u00e0 previst que les obres duren un total de 30 mesos. El projecte inclou tamb\u00e9 el condicionament de l&#8217;estaci\u00f3 de tren de Benimodo per a habilitar una zona de recollida d&#8217;usuaris, aparcament per a vehicles, parada d&#8217;autobusos i la construcci\u00f3 de carrils bici per a completar els itineraris per als vianants i ciclistes.<\/p>\n","protected":false},"excerpt":{"rendered":"<div class=\"mh-excerpt\">La consellera d&#8217;Infraestructures assegura que el nou vial ser\u00e0 el gran eix vertebrador del Carlet del futur i exemple dels projectes urbans que impulsar\u00e0 el Consell Els treballs duraran dos anys i mig amb una <a class=\"mh-excerpt-more\" href=\"https:\/\/tucomarca.whitekongsoftware.com\/ca\/salome-pradas-anuncia-que-les-obres-de-la-nova-ronda-oest-de-carlet-comencaran-en-sis-mesos\/\" title=\"Salom\u00e9 Pradas anuncia que les obres de la nova Ronda Oest de Carlet comen\u00e7aran en sis mesos\">[+] <\/a><\/div>\n","protected":false},"author":13,"featured_media":194744,"comment_status":"open","ping_status":"open","sticky":false,"template":"","format":"standard","meta":{"footnotes":""},"categories":[10990,10898,10948,10894,10902,10947,10896],"tags":[11082,12903,11077],"class_list":["post-194746","post","type-post","status-publish","format-standard","has-post-thumbnail","category-carlet-ca","category-ventana-ca","category-infraestructuras-ca","category-la-comarca-ca","category-la-ribera-ca","category-politica","category-seccion-ca","tag-carlet-ca","tag-infraestructuras-ca","tag-la-ribera-alta-ca"],"_links":{"self":[{"href":"https:\/\/tucomarca.whitekongsoftware.com\/ca\/wp-json\/wp\/v2\/posts\/194746","targetHints":{"allow":["GET"]}}],"collection":[{"href":"https:\/\/tucomarca.whitekongsoftware.com\/ca\/wp-json\/wp\/v2\/posts"}],"about":[{"href":"https:\/\/tucomarca.whitekongsoftware.com\/ca\/wp-json\/wp\/v2\/types\/post"}],"author":[{"embeddable":true,"href":"https:\/\/tucomarca.whitekongsoftware.com\/ca\/wp-json\/wp\/v2\/users\/13"}],"replies":[{"embeddable":true,"href":"https:\/\/tucomarca.whitekongsoftware.com\/ca\/wp-json\/wp\/v2\/comments?post=194746"}],"version-history":[{"count":0,"href":"https:\/\/tucomarca.whitekongsoftware.com\/ca\/wp-json\/wp\/v2\/posts\/194746\/revisions"}],"wp:featuredmedia":[{"embeddable":true,"href":"https:\/\/tucomarca.whitekongsoftware.com\/ca\/wp-json\/wp\/v2\/media\/194744"}],"wp:attachment":[{"href":"https:\/\/tucomarca.whitekongsoftware.com\/ca\/wp-json\/wp\/v2\/media?parent=194746"}],"wp:term":[{"taxonomy":"category","embeddable":true,"href":"https:\/\/tucomarca.whitekongsoftware.com\/ca\/wp-json\/wp\/v2\/categories?post=194746"},{"taxonomy":"post_tag","embeddable":true,"href":"https:\/\/tucomarca.whitekongsoftware.com\/ca\/wp-json\/wp\/v2\/tags?post=194746"}],"curies":[{"name":"wp","href":"https:\/\/api.w.org\/{rel}","templated":true}]}}