{"id":194328,"date":"2023-08-16T00:25:00","date_gmt":"2023-08-15T22:25:00","guid":{"rendered":"https:\/\/www.tucomarca.com\/wordpress\/segunda\/?p=194328"},"modified":"2023-08-18T15:23:49","modified_gmt":"2023-08-18T13:23:49","slug":"es-presenta-a-bunyol-la-ajb-associacio-juvenil-de-bunyol","status":"publish","type":"post","link":"https:\/\/tucomarca.whitekongsoftware.com\/ca\/es-presenta-a-bunyol-la-ajb-associacio-juvenil-de-bunyol\/","title":{"rendered":"Es presenta a Bunyol la AJB (Associaci\u00f3 Juvenil de Bunyol)"},"content":{"rendered":"\n<p class=\"wp-block-paragraph\">La AJB (Associaci\u00f3 Juvenil de Bunyol) \u00e9s una nova organitzaci\u00f3 que acaba d&#8217;enlairar en el municipi. Els joves que componen aquesta associaci\u00f3 tenen moltes ganes de fer coses pel futur dels joves i del poble. &#8220;Bunyol \u00e9s un municipi meravell\u00f3s i des de la AJB tenim clar que som la generaci\u00f3 que ha de portar al nostre poble cap avant&#8221; expliquen des de la AJB.<\/p>\n\n\n\n<p class=\"wp-block-paragraph\">&#8220;L&#8217;objectiu d&#8217;aquesta associaci\u00f3 \u00e9s fomentar diferents activitats per a millorar el municipi i l&#8217;oferta d&#8217;activitats per a la gent jove. Des de la AJB tenen molts projectes, activitats, idees i moltes ganes de fer una cosa diferent. Com diuen \u201cla gent jove som el futur i tenim eines per a fer que siga molt m\u00e9s f\u00e0cil\u201d.<\/p>\n\n\n\n<p class=\"wp-block-paragraph\">Aquest dijous 17 d&#8217;agost se celebra una reuni\u00f3 oberta per a tots, on podran informar-se i unir-se a aquest nou equip.<br>&#8220;Si tens entre 14 i 30 anys, la AJB \u00e9s el teu lloc!&#8221;, incideixen des de l&#8217;associaci\u00f3 juvenil<\/p>\n\n\n\n<p class=\"wp-block-paragraph\"><\/p>\n","protected":false},"excerpt":{"rendered":"<div class=\"mh-excerpt\">La AJB (Associaci\u00f3 Juvenil de Bunyol) \u00e9s una nova organitzaci\u00f3 que acaba d&#8217;enlairar en el municipi. Els joves que componen aquesta associaci\u00f3 tenen moltes ganes de fer coses pel futur dels joves i del poble. <a class=\"mh-excerpt-more\" href=\"https:\/\/tucomarca.whitekongsoftware.com\/ca\/es-presenta-a-bunyol-la-ajb-associacio-juvenil-de-bunyol\/\" title=\"Es presenta a Bunyol la AJB (Associaci\u00f3 Juvenil de Bunyol)\">[+] <\/a><\/div>\n","protected":false},"author":12,"featured_media":194326,"comment_status":"open","ping_status":"open","sticky":false,"template":"","format":"standard","meta":{"footnotes":""},"categories":[10911,10894,10912,10896],"tags":[19596,10913,10914],"class_list":["post-194328","post","type-post","status-publish","format-standard","has-post-thumbnail","category-bunol-ca","category-la-comarca-ca","category-la-hoya-ca","category-seccion-ca","tag-ajb-ca","tag-bunol-ca","tag-la-hoya-de-bunol-chiva-ca"],"_links":{"self":[{"href":"https:\/\/tucomarca.whitekongsoftware.com\/ca\/wp-json\/wp\/v2\/posts\/194328","targetHints":{"allow":["GET"]}}],"collection":[{"href":"https:\/\/tucomarca.whitekongsoftware.com\/ca\/wp-json\/wp\/v2\/posts"}],"about":[{"href":"https:\/\/tucomarca.whitekongsoftware.com\/ca\/wp-json\/wp\/v2\/types\/post"}],"author":[{"embeddable":true,"href":"https:\/\/tucomarca.whitekongsoftware.com\/ca\/wp-json\/wp\/v2\/users\/12"}],"replies":[{"embeddable":true,"href":"https:\/\/tucomarca.whitekongsoftware.com\/ca\/wp-json\/wp\/v2\/comments?post=194328"}],"version-history":[{"count":0,"href":"https:\/\/tucomarca.whitekongsoftware.com\/ca\/wp-json\/wp\/v2\/posts\/194328\/revisions"}],"wp:featuredmedia":[{"embeddable":true,"href":"https:\/\/tucomarca.whitekongsoftware.com\/ca\/wp-json\/wp\/v2\/media\/194326"}],"wp:attachment":[{"href":"https:\/\/tucomarca.whitekongsoftware.com\/ca\/wp-json\/wp\/v2\/media?parent=194328"}],"wp:term":[{"taxonomy":"category","embeddable":true,"href":"https:\/\/tucomarca.whitekongsoftware.com\/ca\/wp-json\/wp\/v2\/categories?post=194328"},{"taxonomy":"post_tag","embeddable":true,"href":"https:\/\/tucomarca.whitekongsoftware.com\/ca\/wp-json\/wp\/v2\/tags?post=194328"}],"curies":[{"name":"wp","href":"https:\/\/api.w.org\/{rel}","templated":true}]}}