{"id":194242,"date":"2023-08-17T20:43:51","date_gmt":"2023-08-17T18:43:51","guid":{"rendered":"https:\/\/www.tucomarca.com\/wordpress\/segunda\/?p=194242"},"modified":"2024-05-19T21:27:21","modified_gmt":"2024-05-19T19:27:21","slug":"celeste-agustina-garcia-sera-presentada-com-a-reina-de-les-festes-2023-aquest-divendres-a-lauditori-de-sant-lluis-de-bunyol","status":"publish","type":"post","link":"https:\/\/tucomarca.whitekongsoftware.com\/ca\/celeste-agustina-garcia-sera-presentada-com-a-reina-de-les-festes-2023-aquest-divendres-a-lauditori-de-sant-lluis-de-bunyol\/","title":{"rendered":"Celeste Agustina Garc\u00eda ser\u00e0 presentada com a Reina de les Festes 2023 aquest divendres a l&#8217;Auditori de Sant Llu\u00eds de Bunyol"},"content":{"rendered":"\n<figure class=\"wp-block-image size-large\"><img loading=\"lazy\" decoding=\"async\" width=\"1024\" height=\"742\" src=\"http:\/\/www.tucomarca.com\/wordpress\/segunda\/wp-content\/uploads\/2023\/08\/CelesteAgustina-1024x742.jpg\" alt=\"\" class=\"wp-image-194241\" srcset=\"https:\/\/tucomarca.whitekongsoftware.com\/wp-content\/uploads\/2023\/08\/CelesteAgustina-1024x742.jpg 1024w, https:\/\/tucomarca.whitekongsoftware.com\/wp-content\/uploads\/2023\/08\/CelesteAgustina-300x217.jpg 300w, https:\/\/tucomarca.whitekongsoftware.com\/wp-content\/uploads\/2023\/08\/CelesteAgustina-768x556.jpg 768w, https:\/\/tucomarca.whitekongsoftware.com\/wp-content\/uploads\/2023\/08\/CelesteAgustina-1536x1113.jpg 1536w, https:\/\/tucomarca.whitekongsoftware.com\/wp-content\/uploads\/2023\/08\/CelesteAgustina.jpg 1654w\" sizes=\"auto, (max-width: 1024px) 100vw, 1024px\" \/><\/figure>\n\n\n\n<p class=\"wp-block-paragraph\">L&#8217;Auditori a l&#8217;aire lliure de Sant Llu\u00eds ser\u00e0 el marc que acollir\u00e0 aquest divendres, 18 d&#8217;agost, a les 11 hores la presentaci\u00f3 de Celeste Agustina Garc\u00eda com a Reina de les Festes 2023.<\/p>\n\n\n\n<p class=\"wp-block-paragraph\">Enguany se celebra el 50 aniversari de les Reines de les Festes, \u00e9s per aix\u00f2 que durant la presentaci\u00f3 es retr\u00e0 homenatge a les dones bu\u00f1oleras que han ostentat aqueix c\u00e0rrec durant els cinquanta anys d&#8217;hist\u00f2ria. Informa, <strong>A. Pall\u00e1s<\/strong>.<\/p>\n","protected":false},"excerpt":{"rendered":"<div class=\"mh-excerpt\">L&#8217;Auditori a l&#8217;aire lliure de Sant Llu\u00eds ser\u00e0 el marc que acollir\u00e0 aquest divendres, 18 d&#8217;agost, a les 11 hores la presentaci\u00f3 de Celeste Agustina Garc\u00eda com a Reina de les Festes 2023. Enguany se <a class=\"mh-excerpt-more\" href=\"https:\/\/tucomarca.whitekongsoftware.com\/ca\/celeste-agustina-garcia-sera-presentada-com-a-reina-de-les-festes-2023-aquest-divendres-a-lauditori-de-sant-lluis-de-bunyol\/\" title=\"Celeste Agustina Garc\u00eda ser\u00e0 presentada com a Reina de les Festes 2023 aquest divendres a l&#8217;Auditori de Sant Llu\u00eds de Bunyol\">[+] <\/a><\/div>\n","protected":false},"author":12,"featured_media":194241,"comment_status":"open","ping_status":"open","sticky":false,"template":"","format":"image","meta":{"footnotes":""},"categories":[11019,10911,10898,10894,10912,11007,10896],"tags":[10913,19585,10914],"class_list":["post-194242","post","type-post","status-publish","format-image","has-post-thumbnail","category-agenda-ca","category-bunol-ca","category-ventana-ca","category-la-comarca-ca","category-la-hoya-ca","category-ocio-y-cultura-ca","category-seccion-ca","tag-bunol-ca","tag-feria-y-fiestas-2023-ca","tag-la-hoya-de-bunol-chiva-ca","post_format-post-format-image"],"_links":{"self":[{"href":"https:\/\/tucomarca.whitekongsoftware.com\/ca\/wp-json\/wp\/v2\/posts\/194242","targetHints":{"allow":["GET"]}}],"collection":[{"href":"https:\/\/tucomarca.whitekongsoftware.com\/ca\/wp-json\/wp\/v2\/posts"}],"about":[{"href":"https:\/\/tucomarca.whitekongsoftware.com\/ca\/wp-json\/wp\/v2\/types\/post"}],"author":[{"embeddable":true,"href":"https:\/\/tucomarca.whitekongsoftware.com\/ca\/wp-json\/wp\/v2\/users\/12"}],"replies":[{"embeddable":true,"href":"https:\/\/tucomarca.whitekongsoftware.com\/ca\/wp-json\/wp\/v2\/comments?post=194242"}],"version-history":[{"count":0,"href":"https:\/\/tucomarca.whitekongsoftware.com\/ca\/wp-json\/wp\/v2\/posts\/194242\/revisions"}],"wp:featuredmedia":[{"embeddable":true,"href":"https:\/\/tucomarca.whitekongsoftware.com\/ca\/wp-json\/wp\/v2\/media\/194241"}],"wp:attachment":[{"href":"https:\/\/tucomarca.whitekongsoftware.com\/ca\/wp-json\/wp\/v2\/media?parent=194242"}],"wp:term":[{"taxonomy":"category","embeddable":true,"href":"https:\/\/tucomarca.whitekongsoftware.com\/ca\/wp-json\/wp\/v2\/categories?post=194242"},{"taxonomy":"post_tag","embeddable":true,"href":"https:\/\/tucomarca.whitekongsoftware.com\/ca\/wp-json\/wp\/v2\/tags?post=194242"}],"curies":[{"name":"wp","href":"https:\/\/api.w.org\/{rel}","templated":true}]}}