{"id":194097,"date":"2023-08-16T14:30:00","date_gmt":"2023-08-16T12:30:00","guid":{"rendered":"https:\/\/www.tucomarca.com\/wordpress\/segunda\/?p=194097"},"modified":"2023-08-16T18:44:05","modified_gmt":"2023-08-16T16:44:05","slug":"el-litro-i-los-feos-vetlen-armes-a-bunyol-abans-del-seu-exigent-concerte-ma-a-ma-daquest-dissabte","status":"publish","type":"post","link":"https:\/\/tucomarca.whitekongsoftware.com\/ca\/el-litro-i-los-feos-vetlen-armes-a-bunyol-abans-del-seu-exigent-concerte-ma-a-ma-daquest-dissabte\/","title":{"rendered":"\u201cEl Litro\u201d i \u201cLos Feos\u201d vetlen \u201carmes\u201d a Bunyol abans del seu exigent concerte \u201cM\u00e0 a m\u00e0\u201d d&#8217;aquest dissabte"},"content":{"rendered":"\n<figure class=\"wp-block-image size-large\"><img loading=\"lazy\" decoding=\"async\" width=\"1024\" height=\"636\" src=\"http:\/\/www.tucomarca.com\/wordpress\/segunda\/wp-content\/uploads\/2023\/08\/03_ArtisticaTCC-1024x636.jpg\" alt=\"\" class=\"wp-image-194081\" srcset=\"https:\/\/tucomarca.whitekongsoftware.com\/wp-content\/uploads\/2023\/08\/03_ArtisticaTCC-1024x636.jpg 1024w, https:\/\/tucomarca.whitekongsoftware.com\/wp-content\/uploads\/2023\/08\/03_ArtisticaTCC-300x186.jpg 300w, https:\/\/tucomarca.whitekongsoftware.com\/wp-content\/uploads\/2023\/08\/03_ArtisticaTCC-768x477.jpg 768w, https:\/\/tucomarca.whitekongsoftware.com\/wp-content\/uploads\/2023\/08\/03_ArtisticaTCC.jpg 1181w\" sizes=\"auto, (max-width: 1024px) 100vw, 1024px\" \/><\/figure>\n\n\n\n<p class=\"wp-block-paragraph\"><strong>L&#8217;Ajuntament de Bunyol i les dues bandes de m\u00fasica locals, el CIM \u201cL&#8217;Arm\u00f2nica\u201d i l&#8217;SM \u201cL&#8217;Art\u00edstica\u201d, ja vetlen \u201carmes\u201d de cara a l&#8217;exigent i extraordinari concerte \u201cM\u00e0 a m\u00e0\u201d que totes dues formacions protagonitzaran a l&#8217;auditori a l&#8217;aire lliure de Sant Llu\u00eds aquest dissabte, 19 d&#8217;agost, a partir de les 22,30 hores.<\/strong><\/p>\n\n\n\n<p class=\"wp-block-paragraph\"><strong>Les entrades per a aquesta excepcional cita band\u00edstica encara es poden aconseguir anticipadament aquest dimecres i divendres, dies 16 i 18 d&#8217;agost, de 19,00 a 21,00 hores a la Sala El Mercat de la localitat o escrivint a totes dues societats musicals; i fins i tot el mateix dia del concert en la taquilla de l&#8217;auditori.<\/strong><\/p>\n\n\n\n<p class=\"wp-block-paragraph\">Els m\u00fasics del <strong>Centre Instructiu Musical \u201cL&#8217;Arm\u00f2nica\u201d<\/strong> (coneguda popularment com <strong>\u201cEl Litro\u201d<\/strong>); aix\u00ed com els de la <strong>Societat Musical \u201cL&#8217;Art\u00edstica\u201d<\/strong> (<strong>\u201cLos Feos\u201d<\/strong>) ja vetlen \u201carmes\u201d de cara a la imminent \u201cconfrontaci\u00f3\u201d musical que suposa per a ambdues el concert \u201cM\u00e0 a m\u00e0\u201d que totes dues entitats musicals bu\u00f1olenses protagonitzaran aquest dissabte, 19 d&#8217;agost, a partir de les 22,30 hores a l&#8217;auditori municipal a l&#8217;aire lliure del Passeig de Sant Llu\u00eds.<\/p>\n\n\n\n<p class=\"wp-block-paragraph\">Imbu\u00efdes d&#8217;una sana rivalitat caracter\u00edstica d&#8217;aquesta particular cita cultural, les dues bandes simf\u00f2niques intensifiquen aquests dies els seus assajos per a la 48 edici\u00f3 del concert capitanejades pels seus respectius directors: <strong>Sa\u00fcl G\u00f3mez<\/strong>, al capdavant de <strong>\u201cEl Litro\u201d<\/strong>; i <strong>Mario Ortu\u00f1o<\/strong> de <strong>\u201cLos Feos\u201d<\/strong>; directors que per segona vegada s&#8217;enfrontaran al repte de dirigir un dels concerts de bandes de m\u00fasica amb major renom a nivell nacional i internacional.<\/p>\n\n\n\n<figure class=\"wp-block-image size-large\"><img loading=\"lazy\" decoding=\"async\" width=\"1024\" height=\"610\" src=\"http:\/\/www.tucomarca.com\/wordpress\/segunda\/wp-content\/uploads\/2023\/08\/05_ArmonicaTCC-1024x610.jpg\" alt=\"\" class=\"wp-image-194083\" srcset=\"https:\/\/tucomarca.whitekongsoftware.com\/wp-content\/uploads\/2023\/08\/05_ArmonicaTCC-1024x610.jpg 1024w, https:\/\/tucomarca.whitekongsoftware.com\/wp-content\/uploads\/2023\/08\/05_ArmonicaTCC-300x179.jpg 300w, https:\/\/tucomarca.whitekongsoftware.com\/wp-content\/uploads\/2023\/08\/05_ArmonicaTCC-768x457.jpg 768w, https:\/\/tucomarca.whitekongsoftware.com\/wp-content\/uploads\/2023\/08\/05_ArmonicaTCC.jpg 1181w\" sizes=\"auto, (max-width: 1024px) 100vw, 1024px\" \/><\/figure>\n\n\n\n<p class=\"wp-block-paragraph\">El periodista <strong>Chimo Masmano<\/strong> ser\u00e0 l&#8217;encarregat de presentar, un any m\u00e9s, una vetlada que obrir\u00e0 la banda simf\u00f2nica del <strong>CIM \u201cL&#8217;Arm\u00f2nica\u201d<\/strong> amb un programa titulat <em>\u201cCantos\u201d<\/em> que s&#8217;iniciar\u00e0 amb el <em>Concert per a Orquestra<\/em>, de <strong>B\u00e9la Bart\u00f3k<\/strong>, amb transcripci\u00f3 per a banda de <strong>Simon Scheiwiller<\/strong>; i que es tancar\u00e0 amb la <em>Primera Simfonia, Stones and sea<\/em>, del mateix <strong>Sa\u00fcl G\u00f3mez<\/strong>.<\/p>\n\n\n\n<figure class=\"wp-block-image size-large\"><img loading=\"lazy\" decoding=\"async\" width=\"1024\" height=\"599\" src=\"http:\/\/www.tucomarca.com\/wordpress\/segunda\/wp-content\/uploads\/2023\/08\/02_ArtisticaTCC-1024x599.jpg\" alt=\"\" class=\"wp-image-194079\" srcset=\"https:\/\/tucomarca.whitekongsoftware.com\/wp-content\/uploads\/2023\/08\/02_ArtisticaTCC-1024x599.jpg 1024w, https:\/\/tucomarca.whitekongsoftware.com\/wp-content\/uploads\/2023\/08\/02_ArtisticaTCC-300x176.jpg 300w, https:\/\/tucomarca.whitekongsoftware.com\/wp-content\/uploads\/2023\/08\/02_ArtisticaTCC-768x449.jpg 768w, https:\/\/tucomarca.whitekongsoftware.com\/wp-content\/uploads\/2023\/08\/02_ArtisticaTCC.jpg 1181w\" sizes=\"auto, (max-width: 1024px) 100vw, 1024px\" \/><\/figure>\n\n\n\n<p class=\"wp-block-paragraph\">Mentre que la <strong>SM \u201cL&#8217;Art\u00edstica\u201d<\/strong> donar\u00e0 continu\u00eftat al concert en la seua segona meitat durant la qual posar\u00e0 en faristol sota el t\u00edtol de <em>\u201cVeus del dem\u00e0\u201d<\/em> un programa que s&#8217;iniciar\u00e0 amb l&#8217;obra per enc\u00e0rrec <em>Arlequ\u00ed<\/em>, d&#8217;<strong>Ernesto Aurignac<\/strong>; continuar\u00e0 amb <em>Taxi<\/em>, d&#8217;<strong>Enrique Hernandis<\/strong>; per a tancar el concert amb <em>Second Symphony \u2018Voices\u2019<\/em>, de <strong>James Stephenson<\/strong>. El concert es tancar\u00e0 amb la interpretaci\u00f3 de l&#8217;<em>Himne a Bunyol<\/em>, de <strong>Manuel Chillida<\/strong> i <strong>Guzm\u00e1n C\u00e1rcel<\/strong>, que ser\u00e0 dirigit pel President d&#8217;Honor d&#8217;enguany, el m\u00fasic i director nascut en Brunssum (Pa\u00efsos Baixos), <strong>Bj\u00f6rn Bus<\/strong>, que actualment dirigeix el certamen internacional <strong>World Music Contest de Kerkrade<\/strong>.<\/p>\n\n\n\n<p class=\"wp-block-paragraph\">A m\u00e9s dels compositors de les obres que interpretar\u00e0 <strong>\u201cL&#8217;Art\u00edstica\u201d<\/strong>, ja han confirmat que acudiran a l&#8217;auditori de Bunyol per a escoltar en viu les interpretacions d&#8217;aquesta ineludible cita musical per a tot bon amant de la m\u00fasica de bandes a la Comunitat Valenciana, entre altres representants p\u00fablics, el Conseller de Cultura i Esport de la Generalitat Valenciana, <strong>Vicente Barrera<\/strong>; el diputat de Bandes de M\u00fasica de la Diputaci\u00f3 de Val\u00e8ncia, <strong>Ricardo Gabald\u00f3n<\/strong>; el diputat en les Corts Generals, <strong>Carlos Gil<\/strong>; aix\u00ed com el coordinador d&#8217;Estrat\u00e8gies, Estudis i Projectes de l&#8217;Ajuntament de Val\u00e8ncia, <strong>Manuel Tom\u00e1s<\/strong>.<\/p>\n\n\n\n<p class=\"wp-block-paragraph\">Tal com han recordat des de totes dues entitats musicals i des de l&#8217;Ajuntament, les entrades anticipades (que ixen a la venda amb un preu de 15 euros, 3 menys del que costaran en taquilla) podran reservar-se fins a les 14,00 hores del dia 18 d&#8217;agost escrivint als seg\u00fcents correus electr\u00f2nics: <a href=\"mailto:sociedad@laartistica.org\">Sociedad@laartistica.org<\/a> o <a href=\"mailto:secretaria@cimlaarmonica.es\">Sociedad@cimlaarmonica.es,<\/a> aix\u00ed com adquirir-se presencialment encara durant els dies 16 i 18 d&#8217;agost a la Sala El Mercat de la localitat en horari de 19,00 a 21,00 hores; o el mateix dia del concert en taquilla.<\/p>\n\n\n\n<p class=\"wp-block-paragraph\">La programaci\u00f3 del 48 concerte \u201cM\u00e0 a m\u00e0\u201d de Bunyol aix\u00ed com m\u00e9s detalls sobre totes dues formacions musicals protagonistes o els seus directors pot consultar-se en la p\u00e0gina web <em>conciertomanoamano.es.<\/em><\/p>\n","protected":false},"excerpt":{"rendered":"<div class=\"mh-excerpt\">L&#8217;Ajuntament de Bunyol i les dues bandes de m\u00fasica locals, el CIM \u201cL&#8217;Arm\u00f2nica\u201d i l&#8217;SM \u201cL&#8217;Art\u00edstica\u201d, ja vetlen \u201carmes\u201d de cara a l&#8217;exigent i extraordinari concerte \u201cM\u00e0 a m\u00e0\u201d que totes dues formacions protagonitzaran a <a class=\"mh-excerpt-more\" href=\"https:\/\/tucomarca.whitekongsoftware.com\/ca\/el-litro-i-los-feos-vetlen-armes-a-bunyol-abans-del-seu-exigent-concerte-ma-a-ma-daquest-dissabte\/\" title=\"\u201cEl Litro\u201d i \u201cLos Feos\u201d vetlen \u201carmes\u201d a Bunyol abans del seu exigent concerte \u201cM\u00e0 a m\u00e0\u201d d&#8217;aquest dissabte\">[+] <\/a><\/div>\n","protected":false},"author":1,"featured_media":194086,"comment_status":"open","ping_status":"open","sticky":false,"template":"","format":"gallery","meta":{"footnotes":""},"categories":[11019,10911,11005,10898,10894,10904,10912,11007,10896],"tags":[10913,11066,11209,10914,11765,11154],"class_list":["post-194097","post","type-post","status-publish","format-gallery","has-post-thumbnail","category-agenda-ca","category-bunol-ca","category-canal-musica","category-ventana-ca","category-la-comarca-ca","category-sin-categorizar-ca","category-la-hoya-ca","category-ocio-y-cultura-ca","category-seccion-ca","tag-bunol-ca","tag-musica-ca","tag-cim-la-armonica-de-bunol-ca","tag-la-hoya-de-bunol-chiva-ca","tag-mano-a-mano-ca","tag-sm-la-artistica-de-bunol-ca","post_format-post-format-gallery"],"_links":{"self":[{"href":"https:\/\/tucomarca.whitekongsoftware.com\/ca\/wp-json\/wp\/v2\/posts\/194097","targetHints":{"allow":["GET"]}}],"collection":[{"href":"https:\/\/tucomarca.whitekongsoftware.com\/ca\/wp-json\/wp\/v2\/posts"}],"about":[{"href":"https:\/\/tucomarca.whitekongsoftware.com\/ca\/wp-json\/wp\/v2\/types\/post"}],"author":[{"embeddable":true,"href":"https:\/\/tucomarca.whitekongsoftware.com\/ca\/wp-json\/wp\/v2\/users\/1"}],"replies":[{"embeddable":true,"href":"https:\/\/tucomarca.whitekongsoftware.com\/ca\/wp-json\/wp\/v2\/comments?post=194097"}],"version-history":[{"count":0,"href":"https:\/\/tucomarca.whitekongsoftware.com\/ca\/wp-json\/wp\/v2\/posts\/194097\/revisions"}],"wp:featuredmedia":[{"embeddable":true,"href":"https:\/\/tucomarca.whitekongsoftware.com\/ca\/wp-json\/wp\/v2\/media\/194086"}],"wp:attachment":[{"href":"https:\/\/tucomarca.whitekongsoftware.com\/ca\/wp-json\/wp\/v2\/media?parent=194097"}],"wp:term":[{"taxonomy":"category","embeddable":true,"href":"https:\/\/tucomarca.whitekongsoftware.com\/ca\/wp-json\/wp\/v2\/categories?post=194097"},{"taxonomy":"post_tag","embeddable":true,"href":"https:\/\/tucomarca.whitekongsoftware.com\/ca\/wp-json\/wp\/v2\/tags?post=194097"}],"curies":[{"name":"wp","href":"https:\/\/api.w.org\/{rel}","templated":true}]}}