{"id":194063,"date":"2023-08-16T00:30:00","date_gmt":"2023-08-15T22:30:00","guid":{"rendered":"https:\/\/www.tucomarca.com\/wordpress\/segunda\/?p=194063"},"modified":"2023-08-16T00:50:48","modified_gmt":"2023-08-15T22:50:48","slug":"fotogaleria-godelleta-entrega-la-seua-medalla-dhonor-al-president-de-la-unio-angel-gil-durant-el-concert-extraordinari-de-les-festes-dagost","status":"publish","type":"post","link":"https:\/\/tucomarca.whitekongsoftware.com\/ca\/fotogaleria-godelleta-entrega-la-seua-medalla-dhonor-al-president-de-la-unio-angel-gil-durant-el-concert-extraordinari-de-les-festes-dagost\/","title":{"rendered":"Fotogaler\u00eda: Godelleta entrega la seua Medalla d&#8217;Honor al president de La Uni\u00f3, \u00c1ngel Gil, durant el concert extraordinari de les Festes d&#8217;Agost"},"content":{"rendered":"\n<p class=\"wp-block-paragraph\">La localitat de Godelleta ha acollit aquest dilluns a la nit una de les vetlades m\u00e9s especials de les seues Festes d&#8217;Agost: la del concert extraordinari a c\u00e0rrec de la seua banda, La Uni\u00f3 Musical, que condu\u00efda pels seus director titular, Jes\u00fas Perell\u00f3, ha oferit un recital en homenatge a Nino Bravo.<\/p>\n\n\n\n<p class=\"wp-block-paragraph\">A m\u00e9s, en el transcurs del concert s&#8217;ha volgut fer un homenatge al president de l&#8217;entitat, \u00c1ngel Gil, a qui l&#8217;Ajuntament li ha atorgat la Medalla d&#8217;Honor de la localitat.<\/p>\n\n\n\n<p class=\"wp-block-paragraph\">A l&#8217;acte, que va estar presidit per l&#8217;alcaldessa de Godelleta, Mar\u00eda Amparo Pardo, tamb\u00e9 van assistir el Diputat provincial de Bandes de M\u00fasica i alcalde d&#8217;Utiel, Ricardo Gabald\u00f3n; a m\u00e9s de la presidenta de la Federaci\u00f3 de Societats Musicals de la Comunitat Valenciana (FSMCV), Daniela Gonz\u00e1lez; i el vicepresident de la FSMCV, Ricardo Sales.<\/p>\n\n\n\n<p class=\"wp-block-paragraph\">Fotos: <strong>Joaqu\u00edn Cuallad\u00f3<\/strong>.  <\/p>\n\n\n\n<figure class=\"wp-block-gallery has-nested-images columns-1 is-cropped wp-block-gallery-1 is-layout-flex wp-block-gallery-is-layout-flex\">\n<figure class=\"wp-block-image size-large\"><img loading=\"lazy\" decoding=\"async\" width=\"1181\" height=\"787\" data-id=\"194056\" src=\"http:\/\/www.tucomarca.com\/wordpress\/segunda\/wp-content\/uploads\/2023\/08\/GodelletaConciert14.jpg\" alt=\"\" class=\"wp-image-194056\" srcset=\"https:\/\/tucomarca.whitekongsoftware.com\/wp-content\/uploads\/2023\/08\/GodelletaConciert14.jpg 1181w, https:\/\/tucomarca.whitekongsoftware.com\/wp-content\/uploads\/2023\/08\/GodelletaConciert14-300x200.jpg 300w, https:\/\/tucomarca.whitekongsoftware.com\/wp-content\/uploads\/2023\/08\/GodelletaConciert14-1024x682.jpg 1024w, https:\/\/tucomarca.whitekongsoftware.com\/wp-content\/uploads\/2023\/08\/GodelletaConciert14-768x512.jpg 768w\" sizes=\"auto, (max-width: 1181px) 100vw, 1181px\" \/><\/figure>\n\n\n\n<figure class=\"wp-block-image size-large\"><img loading=\"lazy\" decoding=\"async\" width=\"1181\" height=\"787\" data-id=\"194054\" src=\"http:\/\/www.tucomarca.com\/wordpress\/segunda\/wp-content\/uploads\/2023\/08\/GodelletaConciert12.jpg\" alt=\"\" class=\"wp-image-194054\" srcset=\"https:\/\/tucomarca.whitekongsoftware.com\/wp-content\/uploads\/2023\/08\/GodelletaConciert12.jpg 1181w, https:\/\/tucomarca.whitekongsoftware.com\/wp-content\/uploads\/2023\/08\/GodelletaConciert12-300x200.jpg 300w, https:\/\/tucomarca.whitekongsoftware.com\/wp-content\/uploads\/2023\/08\/GodelletaConciert12-1024x682.jpg 1024w, https:\/\/tucomarca.whitekongsoftware.com\/wp-content\/uploads\/2023\/08\/GodelletaConciert12-768x512.jpg 768w\" sizes=\"auto, (max-width: 1181px) 100vw, 1181px\" \/><\/figure>\n\n\n\n<figure class=\"wp-block-image size-large\"><img loading=\"lazy\" decoding=\"async\" width=\"1181\" height=\"787\" data-id=\"194052\" src=\"http:\/\/www.tucomarca.com\/wordpress\/segunda\/wp-content\/uploads\/2023\/08\/GodelletaConciert11.jpg\" alt=\"\" class=\"wp-image-194052\" srcset=\"https:\/\/tucomarca.whitekongsoftware.com\/wp-content\/uploads\/2023\/08\/GodelletaConciert11.jpg 1181w, https:\/\/tucomarca.whitekongsoftware.com\/wp-content\/uploads\/2023\/08\/GodelletaConciert11-300x200.jpg 300w, https:\/\/tucomarca.whitekongsoftware.com\/wp-content\/uploads\/2023\/08\/GodelletaConciert11-1024x682.jpg 1024w, https:\/\/tucomarca.whitekongsoftware.com\/wp-content\/uploads\/2023\/08\/GodelletaConciert11-768x512.jpg 768w\" sizes=\"auto, (max-width: 1181px) 100vw, 1181px\" \/><\/figure>\n\n\n\n<figure class=\"wp-block-image size-large\"><img loading=\"lazy\" decoding=\"async\" width=\"1181\" height=\"787\" data-id=\"194050\" src=\"http:\/\/www.tucomarca.com\/wordpress\/segunda\/wp-content\/uploads\/2023\/08\/GodelletaConciert10.jpg\" alt=\"\" class=\"wp-image-194050\" srcset=\"https:\/\/tucomarca.whitekongsoftware.com\/wp-content\/uploads\/2023\/08\/GodelletaConciert10.jpg 1181w, https:\/\/tucomarca.whitekongsoftware.com\/wp-content\/uploads\/2023\/08\/GodelletaConciert10-300x200.jpg 300w, https:\/\/tucomarca.whitekongsoftware.com\/wp-content\/uploads\/2023\/08\/GodelletaConciert10-1024x682.jpg 1024w, https:\/\/tucomarca.whitekongsoftware.com\/wp-content\/uploads\/2023\/08\/GodelletaConciert10-768x512.jpg 768w\" sizes=\"auto, (max-width: 1181px) 100vw, 1181px\" \/><\/figure>\n\n\n\n<figure class=\"wp-block-image size-large\"><img loading=\"lazy\" decoding=\"async\" width=\"1181\" height=\"787\" data-id=\"194048\" src=\"http:\/\/www.tucomarca.com\/wordpress\/segunda\/wp-content\/uploads\/2023\/08\/GodelletaConciert09.jpg\" alt=\"\" class=\"wp-image-194048\" srcset=\"https:\/\/tucomarca.whitekongsoftware.com\/wp-content\/uploads\/2023\/08\/GodelletaConciert09.jpg 1181w, https:\/\/tucomarca.whitekongsoftware.com\/wp-content\/uploads\/2023\/08\/GodelletaConciert09-300x200.jpg 300w, https:\/\/tucomarca.whitekongsoftware.com\/wp-content\/uploads\/2023\/08\/GodelletaConciert09-1024x682.jpg 1024w, https:\/\/tucomarca.whitekongsoftware.com\/wp-content\/uploads\/2023\/08\/GodelletaConciert09-768x512.jpg 768w\" sizes=\"auto, (max-width: 1181px) 100vw, 1181px\" \/><\/figure>\n\n\n\n<figure class=\"wp-block-image size-large\"><img loading=\"lazy\" decoding=\"async\" width=\"1181\" height=\"544\" data-id=\"194046\" src=\"http:\/\/www.tucomarca.com\/wordpress\/segunda\/wp-content\/uploads\/2023\/08\/GodelletaConciert08.jpg\" alt=\"\" class=\"wp-image-194046\" srcset=\"https:\/\/tucomarca.whitekongsoftware.com\/wp-content\/uploads\/2023\/08\/GodelletaConciert08.jpg 1181w, https:\/\/tucomarca.whitekongsoftware.com\/wp-content\/uploads\/2023\/08\/GodelletaConciert08-300x138.jpg 300w, https:\/\/tucomarca.whitekongsoftware.com\/wp-content\/uploads\/2023\/08\/GodelletaConciert08-1024x472.jpg 1024w, https:\/\/tucomarca.whitekongsoftware.com\/wp-content\/uploads\/2023\/08\/GodelletaConciert08-768x354.jpg 768w\" sizes=\"auto, (max-width: 1181px) 100vw, 1181px\" \/><\/figure>\n\n\n\n<figure class=\"wp-block-image size-large\"><img loading=\"lazy\" decoding=\"async\" width=\"1181\" height=\"787\" data-id=\"194044\" src=\"http:\/\/www.tucomarca.com\/wordpress\/segunda\/wp-content\/uploads\/2023\/08\/GodelletaConciert07.jpg\" alt=\"\" class=\"wp-image-194044\" srcset=\"https:\/\/tucomarca.whitekongsoftware.com\/wp-content\/uploads\/2023\/08\/GodelletaConciert07.jpg 1181w, https:\/\/tucomarca.whitekongsoftware.com\/wp-content\/uploads\/2023\/08\/GodelletaConciert07-300x200.jpg 300w, https:\/\/tucomarca.whitekongsoftware.com\/wp-content\/uploads\/2023\/08\/GodelletaConciert07-1024x682.jpg 1024w, https:\/\/tucomarca.whitekongsoftware.com\/wp-content\/uploads\/2023\/08\/GodelletaConciert07-768x512.jpg 768w\" sizes=\"auto, (max-width: 1181px) 100vw, 1181px\" \/><\/figure>\n\n\n\n<figure class=\"wp-block-image size-large\"><img loading=\"lazy\" decoding=\"async\" width=\"1181\" height=\"847\" data-id=\"194042\" src=\"http:\/\/www.tucomarca.com\/wordpress\/segunda\/wp-content\/uploads\/2023\/08\/GodelletaConciert06.jpg\" alt=\"\" class=\"wp-image-194042\" srcset=\"https:\/\/tucomarca.whitekongsoftware.com\/wp-content\/uploads\/2023\/08\/GodelletaConciert06.jpg 1181w, https:\/\/tucomarca.whitekongsoftware.com\/wp-content\/uploads\/2023\/08\/GodelletaConciert06-300x215.jpg 300w, https:\/\/tucomarca.whitekongsoftware.com\/wp-content\/uploads\/2023\/08\/GodelletaConciert06-1024x734.jpg 1024w, https:\/\/tucomarca.whitekongsoftware.com\/wp-content\/uploads\/2023\/08\/GodelletaConciert06-768x551.jpg 768w\" sizes=\"auto, (max-width: 1181px) 100vw, 1181px\" \/><\/figure>\n\n\n\n<figure class=\"wp-block-image size-large\"><img loading=\"lazy\" decoding=\"async\" width=\"1181\" height=\"787\" data-id=\"194040\" src=\"http:\/\/www.tucomarca.com\/wordpress\/segunda\/wp-content\/uploads\/2023\/08\/GodelletaConciert04.jpg\" alt=\"\" class=\"wp-image-194040\" srcset=\"https:\/\/tucomarca.whitekongsoftware.com\/wp-content\/uploads\/2023\/08\/GodelletaConciert04.jpg 1181w, https:\/\/tucomarca.whitekongsoftware.com\/wp-content\/uploads\/2023\/08\/GodelletaConciert04-300x200.jpg 300w, https:\/\/tucomarca.whitekongsoftware.com\/wp-content\/uploads\/2023\/08\/GodelletaConciert04-1024x682.jpg 1024w, https:\/\/tucomarca.whitekongsoftware.com\/wp-content\/uploads\/2023\/08\/GodelletaConciert04-768x512.jpg 768w\" sizes=\"auto, (max-width: 1181px) 100vw, 1181px\" \/><\/figure>\n<\/figure>\n","protected":false},"excerpt":{"rendered":"<div class=\"mh-excerpt\">La localitat de Godelleta ha acollit aquest dilluns a la nit una de les vetlades m\u00e9s especials de les seues Festes d&#8217;Agost: la del concert extraordinari a c\u00e0rrec de la seua banda, La Uni\u00f3 Musical, <a class=\"mh-excerpt-more\" href=\"https:\/\/tucomarca.whitekongsoftware.com\/ca\/fotogaleria-godelleta-entrega-la-seua-medalla-dhonor-al-president-de-la-unio-angel-gil-durant-el-concert-extraordinari-de-les-festes-dagost\/\" title=\"Fotogaler\u00eda: Godelleta entrega la seua Medalla d&#8217;Honor al president de La Uni\u00f3, \u00c1ngel Gil, durant el concert extraordinari de les Festes d&#8217;Agost\">[+] <\/a><\/div>\n","protected":false},"author":1,"featured_media":194059,"comment_status":"open","ping_status":"open","sticky":false,"template":"","format":"gallery","meta":{"footnotes":""},"categories":[11005,10898,10977,10894,10904,10912,11004,11007,11008,10896],"tags":[11210,11087,10914,19583],"class_list":["post-194063","post","type-post","status-publish","format-gallery","has-post-thumbnail","category-canal-musica","category-ventana-ca","category-godelleta-ca","category-la-comarca-ca","category-sin-categorizar-ca","category-la-hoya-ca","category-la-semana-en-imagenes-ca","category-ocio-y-cultura-ca","category-pueblos-en-fiestas-ca","category-seccion-ca","tag-fsmcv-ca","tag-godelleta-ca","tag-la-hoya-de-bunol-chiva-ca","tag-la-union-musical-ca","post_format-post-format-gallery"],"_links":{"self":[{"href":"https:\/\/tucomarca.whitekongsoftware.com\/ca\/wp-json\/wp\/v2\/posts\/194063","targetHints":{"allow":["GET"]}}],"collection":[{"href":"https:\/\/tucomarca.whitekongsoftware.com\/ca\/wp-json\/wp\/v2\/posts"}],"about":[{"href":"https:\/\/tucomarca.whitekongsoftware.com\/ca\/wp-json\/wp\/v2\/types\/post"}],"author":[{"embeddable":true,"href":"https:\/\/tucomarca.whitekongsoftware.com\/ca\/wp-json\/wp\/v2\/users\/1"}],"replies":[{"embeddable":true,"href":"https:\/\/tucomarca.whitekongsoftware.com\/ca\/wp-json\/wp\/v2\/comments?post=194063"}],"version-history":[{"count":0,"href":"https:\/\/tucomarca.whitekongsoftware.com\/ca\/wp-json\/wp\/v2\/posts\/194063\/revisions"}],"wp:featuredmedia":[{"embeddable":true,"href":"https:\/\/tucomarca.whitekongsoftware.com\/ca\/wp-json\/wp\/v2\/media\/194059"}],"wp:attachment":[{"href":"https:\/\/tucomarca.whitekongsoftware.com\/ca\/wp-json\/wp\/v2\/media?parent=194063"}],"wp:term":[{"taxonomy":"category","embeddable":true,"href":"https:\/\/tucomarca.whitekongsoftware.com\/ca\/wp-json\/wp\/v2\/categories?post=194063"},{"taxonomy":"post_tag","embeddable":true,"href":"https:\/\/tucomarca.whitekongsoftware.com\/ca\/wp-json\/wp\/v2\/tags?post=194063"}],"curies":[{"name":"wp","href":"https:\/\/api.w.org\/{rel}","templated":true}]}}