{"id":193841,"date":"2023-08-14T08:15:00","date_gmt":"2023-08-14T06:15:00","guid":{"rendered":"https:\/\/www.tucomarca.com\/wordpress\/segunda\/?p=193841"},"modified":"2023-08-14T14:15:18","modified_gmt":"2023-08-14T12:15:18","slug":"la-unio-llauradora-lamenta-que-la-campanya-de-cereals-ha-sigut-ruinosa-per-als-productors-valencians","status":"publish","type":"post","link":"https:\/\/tucomarca.whitekongsoftware.com\/ca\/la-unio-llauradora-lamenta-que-la-campanya-de-cereals-ha-sigut-ruinosa-per-als-productors-valencians\/","title":{"rendered":"La Uni\u00f3 Llauradora lamenta que la campanya de cereals ha sigut ru\u00efnosa per als productors valencians"},"content":{"rendered":"\n<p class=\"wp-block-paragraph\"><strong>\u00c9s la pitjor dels \u00faltims vint anys amb un descens de collita de mitjana d&#8217;un 64% respecte a la passada&nbsp;<\/strong><\/p>\n\n\n\n<p class=\"wp-block-paragraph\">La Uni\u00f3 Llauradora indica que la campanya de cereals d&#8217;enguany ha tingut una collita lleugerament superior a les 17.000 tones en la Comunitat Valenciana, la qual cosa suposar\u00e0 un descens del 64% respecte a la del passat any i es converteix aix\u00ed en la pitjor dels \u00faltims 20 anys.<\/p>\n\n\n\n<p class=\"wp-block-paragraph\">En general, la reducci\u00f3 de producci\u00f3 s&#8217;ha situat per damunt del 50% en tots els cereals, per\u00f2 en avena o triticale ha superat el 80%. En l&#8217;ordi, que representa m\u00e9s del 60% de la producci\u00f3 total de cereals, la producci\u00f3 s&#8217;ha situat pr\u00f2xima a les 11.000 tones, la qual cosa representar\u00e0 una reducci\u00f3 del 57%. El segon cultiu en import\u00e0ncia \u00e9s el blat, amb una producci\u00f3 lleugerament superior a les 4.000 tones i un minvament tamb\u00e9 del 57%.<\/p>\n\n\n\n<p class=\"wp-block-paragraph\">En la resta de les zones productores de l&#8217;Estat es calcula que la producci\u00f3 ha sigut la m\u00e9s baixa dels \u00faltims 30 anys, amb un descens sobre la campanya 2022 de m\u00e9s del 40%.<\/p>\n\n\n\n<p class=\"wp-block-paragraph\">La sequera persistent ha sigut la culpable d&#8217;aquesta reducci\u00f3 dr\u00e0stica de la producci\u00f3, per\u00f2 tamb\u00e9 ha tingut una import\u00e0ncia relativa algun episodi climatol\u00f2gic desfavorable que ha alterat les condicions de creixement del cereal. Les pluges de finals de maig i juny van arribar a deshora i lluny de millorar la situaci\u00f3, van provocar una emerg\u00e8ncia de males herbes que ha incrementat la reducci\u00f3 de collita. A penes el 10% de la superf\u00edcie de cereal de territorio valenci\u00e0 \u00e9s de regadiu, concentrant-se a la Vega Baixa, per la qual cosa la influ\u00e8ncia climatol\u00f2gica ha sigut determinant.<\/p>\n\n\n\n<p class=\"wp-block-paragraph\">Un altre factor que tamb\u00e9 ha tingut influ\u00e8ncia ha sigut els atacs de fauna salvatge, especialment senglars, que en algunes zones ha suposat un greu perjudici per a les persones productores.<\/p>\n\n\n\n<p class=\"wp-block-paragraph\">En paraules de moltes d&#8217;elles, \u201cla producci\u00f3 ha sigut tan baixa que no val la pena entrar a collir, ja que en tindre un rendiment inferior al 90%, el cost de recol\u00b7lecci\u00f3 \u00e9s molt superior al valor del collit\u201d, per la qual cosa en quantitats absolutes encara hi ha hagut menys producci\u00f3 finalment collida respecte de l&#8217;esperada.<\/p>\n\n\n\n<p class=\"wp-block-paragraph\">Per a l&#8217;actual campanya, les perspectives inicials eren bones i fruit d&#8217;aquestes, en la Comunitat Valenciana, a difer\u00e8ncia d&#8217;altres anys en les quals es redu\u00efa permanentment la superf\u00edcie cultivada, aquesta no sols s&#8217;ha mantingut en 25.000 hect\u00e0rees, sin\u00f3 que ha augmentat lleugerament, principalment en blat amb un increment del 12% respecte de 2022 i avena amb un augment del 6%.<\/p>\n\n\n\n<p class=\"wp-block-paragraph\">La producci\u00f3 de cereals es concentra quasi exclusivament a les comarques d&#8217;interior. Utiel-Requena amb el 18% del total cultivat \u00e9s la comarca amb major superf\u00edcie, seguida de la Vall d&#8217;Aiora amb el 16%, Alt Vinalop\u00f3, Els Ports i La Serrania amb 11%, 10% i 9%, respectivament.<\/p>\n\n\n\n<p class=\"wp-block-paragraph\">La producci\u00f3 de la Comunitat Valenciana, malgrat representar menys de l&#8217;1% de la producci\u00f3 estatal, t\u00e9 una gran import\u00e0ncia territorial a les comarques de sec\u00e0 d&#8217;interior. Per exemple a la comarca de Els Ports el cultiu de cereals ocupa el 40% de la superf\u00edcie cultivada i en la de la Vall d&#8217;Aiora el 27%.<\/p>\n\n\n\n<p class=\"wp-block-paragraph\">Des de LA UNI\u00d3, es considera que les ajudes per la sequera s\u00f3n insuficients per a compensar les greus p\u00e8rdues i \u00e9s necessari articular pol\u00edtiques que asseguren la renda de les zones m\u00e9s desfavorides de la Comunitat Valenciana. Entre elles pol\u00edtiques d&#8217;assegurances agr\u00e0ries que bonifiquen l\u2019asseguran\u00e7a o adeq\u00fcen els rendiments, aix\u00ed com poder assegurar per parcel\u00b7la el risc de no nasc\u00e8ncia s\u00f3n cada dia m\u00e9s necess\u00e0ries. L&#8217;actual situaci\u00f3 fa que la reivindicaci\u00f3 de LA UNI\u00d3 tinga especial import\u00e0ncia perqu\u00e8, en el PEPAC i en les ajudes del Programa de Desenvolupament Rural, s&#8217;implemente una intervenci\u00f3 territorial per a donar suport als cultius de sec\u00e0 tradicionals i de baixa rendibilitat (olivar, fruita seca, vinya i cereal), amb l&#8217;objectiu de mantindre una activitat econ\u00f2mica en zones amb el risc de despoblament. Des de LA UNI\u00d3 s&#8217;insta que la nova Conselleria d&#8217;Agricultura prenga bona nota de la desastrosa campanya i actue en conseq\u00fc\u00e8ncia.<\/p>\n","protected":false},"excerpt":{"rendered":"<div class=\"mh-excerpt\">\u00c9s la pitjor dels \u00faltims vint anys amb un descens de collita de mitjana d&#8217;un 64% respecte a la passada&nbsp; La Uni\u00f3 Llauradora indica que la campanya de cereals d&#8217;enguany ha tingut una collita lleugerament <a class=\"mh-excerpt-more\" href=\"https:\/\/tucomarca.whitekongsoftware.com\/ca\/la-unio-llauradora-lamenta-que-la-campanya-de-cereals-ha-sigut-ruinosa-per-als-productors-valencians\/\" title=\"La Uni\u00f3 Llauradora lamenta que la campanya de cereals ha sigut ru\u00efnosa per als productors valencians\">[+] <\/a><\/div>\n","protected":false},"author":13,"featured_media":193839,"comment_status":"open","ping_status":"open","sticky":false,"template":"","format":"standard","meta":{"footnotes":""},"categories":[10905,10951,11046,10898,10948,10894,10904,10903,10909,10896,10897],"tags":[11309,11216,11199,11080,10910],"class_list":["post-193841","post","type-post","status-publish","format-standard","has-post-thumbnail","category-agricultura-la-comarca-ca","category-ayora-cofrentes-ca","category-los-serranos-ca","category-ventana-ca","category-infraestructuras-ca","category-la-comarca-ca","category-sin-categorizar-ca","category-medio-ambiente-la-comarca-ca","category-requena-utiel-ca","category-seccion-ca","category-sucesos-la-comarca-ca","tag-agricultura-ca","tag-ayora-cofrentes-ca","tag-la-comunitat-ca","tag-los-serranos-ca","tag-requena-utiel-ca"],"_links":{"self":[{"href":"https:\/\/tucomarca.whitekongsoftware.com\/ca\/wp-json\/wp\/v2\/posts\/193841","targetHints":{"allow":["GET"]}}],"collection":[{"href":"https:\/\/tucomarca.whitekongsoftware.com\/ca\/wp-json\/wp\/v2\/posts"}],"about":[{"href":"https:\/\/tucomarca.whitekongsoftware.com\/ca\/wp-json\/wp\/v2\/types\/post"}],"author":[{"embeddable":true,"href":"https:\/\/tucomarca.whitekongsoftware.com\/ca\/wp-json\/wp\/v2\/users\/13"}],"replies":[{"embeddable":true,"href":"https:\/\/tucomarca.whitekongsoftware.com\/ca\/wp-json\/wp\/v2\/comments?post=193841"}],"version-history":[{"count":0,"href":"https:\/\/tucomarca.whitekongsoftware.com\/ca\/wp-json\/wp\/v2\/posts\/193841\/revisions"}],"wp:featuredmedia":[{"embeddable":true,"href":"https:\/\/tucomarca.whitekongsoftware.com\/ca\/wp-json\/wp\/v2\/media\/193839"}],"wp:attachment":[{"href":"https:\/\/tucomarca.whitekongsoftware.com\/ca\/wp-json\/wp\/v2\/media?parent=193841"}],"wp:term":[{"taxonomy":"category","embeddable":true,"href":"https:\/\/tucomarca.whitekongsoftware.com\/ca\/wp-json\/wp\/v2\/categories?post=193841"},{"taxonomy":"post_tag","embeddable":true,"href":"https:\/\/tucomarca.whitekongsoftware.com\/ca\/wp-json\/wp\/v2\/tags?post=193841"}],"curies":[{"name":"wp","href":"https:\/\/api.w.org\/{rel}","templated":true}]}}